{"id":5088,"date":"2014-11-08T21:03:27","date_gmt":"2014-11-08T20:03:27","guid":{"rendered":"http:\/\/karlovyvary.casd.cz\/?p=5088"},"modified":"2014-11-08T22:01:18","modified_gmt":"2014-11-08T21:01:18","slug":"modlitebni-tyden-2014","status":"publish","type":"post","link":"https:\/\/karlovyvary.casd.cz\/?p=5088","title":{"rendered":"Modlitebn\u00ed t\u00fdden 2014"},"content":{"rendered":"<p style=\"padding-left: 30px;\">V t\u00fddnu <strong>od 8. do 15. listopadu<\/strong> prob\u011bhne ka\u017edoro\u010dn\u00ed &#8222;<strong>Modlitebn\u00ed t\u00fdden<\/strong>&#8222;.<\/p>\n<p><a href=\"http:\/\/karlovyvary.casd.cz\/wp-content\/uploads\/po.jpg\"><img loading=\"lazy\" decoding=\"async\" class=\"aligncenter wp-image-5092 size-full\" src=\"http:\/\/karlovyvary.casd.cz\/wp-content\/uploads\/po.jpg\" alt=\"po\" width=\"300\" height=\"149\" \/><\/a><\/p>\n<p style=\"text-align: justify; padding-left: 30px;\">C\u00edrkev adventist\u016f se bude po cel\u00e9m sv\u011bt\u011b sch\u00e1zet ke spole\u010dn\u00fdm modlitb\u00e1m a studiu duchovn\u00edch t\u00e9mat. Tak\u00e9 my se p\u0159ipoj\u00edme k t\u00e9to aktivit\u011b.<\/p>\n<p style=\"text-align: justify; padding-left: 30px;\"><a href=\"http:\/\/karlovyvary.casd.cz\/wp-content\/uploads\/Rozpis-setk\u00e1n\u00ed-MT2014.docx\">Rozpis setk\u00e1n\u00ed MT2014<\/a><\/p>\n<p style=\"text-align: justify; padding-left: 30px;\"><a href=\"http:\/\/karlovyvary.casd.cz\/wp-content\/uploads\/P\u0159edn\u00e1\u0161ky-MT2014-dosp\u011bl\u00ed.pdf\">P\u0159edn\u00e1\u0161ky MT2014 dosp\u011bl\u00ed<\/a><\/p>\n<p style=\"text-align: justify; padding-left: 30px;\"><a href=\"http:\/\/karlovyvary.casd.cz\/wp-content\/uploads\/P\u0159edn\u00e1\u0161ky-MT2014-d\u011bti.pdf\">P\u0159edn\u00e1\u0161ky MT2014 d\u011bti<\/a><\/p>\n<p style=\"text-align: justify; padding-left: 30px;\"><!--more--><\/p>\n<p style=\"text-align: justify; padding-left: 30px;\">Jednu z nejzn\u00e1m\u011bj\u0161\u00edch pas\u00e1\u017e\u00ed o tom, jak n\u00e1sledovat Je\u017e\u00ed\u0161\u016fv p\u0159\u00edklad nalezneme\u00a0v knize &#8222;\u017divot napln\u011bn\u00fd pokojem&#8220;: \u201e<strong>Skute\u010dn\u00fd \u00fasp\u011bch p\u0159i styku s lidmi m\u016f\u017ee p\u0159in\u00e9st jen Kristova metoda. Spasitel se st\u00fdkal s lidmi jako ten, kdo\u00a0si p\u0159eje\u00a0jejich dobro. Projevoval jim soucit, slou\u017eil jejich pot\u0159eb\u00e1m a z\u00edskal si jejich d\u016fv\u011bru. Pak je vyzval: \u201aN\u00e1sledujte mne\u2018<\/strong>. Kristus se zaj\u00edmal o cel\u00e9ho \u010dlov\u011bka \u2013 projevoval p\u00e9\u010di o jeho t\u011blesnou, du\u0161evn\u00ed, soci\u00e1ln\u00ed i duchovn\u00ed str\u00e1nku. P\u0159eje si, aby i n\u00e1s obohacoval vztah s n\u00edm, i na\u0161e l\u00e1skypln\u00e1 slu\u017eba a p\u00e9\u010de o jin\u00e9. Je\u017e\u00ed\u0161 slou\u017eil lidem v\u0161ude tam, kde se nach\u00e1zeli \u2013 ve m\u011bstech, na vesnic\u00edch, na cest\u011b,\u00a0\u00a0v jejich domovech, u studny a dokonce i na k\u0159\u00ed\u017ei. Neb\u00e1l se j\u00edt kamkoliv, kde se nach\u00e1zel n\u011bkdo, kdo mohl b\u00fdt zachr\u00e1n\u011bn.<\/p>\n<p style=\"text-align: justify; padding-left: 30px;\">\u201c<strong>Kristova metoda<\/strong>\u201d je t\u00e9matem leto\u0161n\u00edho Modlitebn\u00edho t\u00fddne, b\u011bhem kter\u00e9ho budeme sledovat, jak moc se Kristova slu\u017eba\u00a0t\u00fdkala\u00a0uzdravov\u00e1n\u00ed a jakou z\u00e1sadn\u00ed roli hraje tato slu\u017eba p\u0159i oslovov\u00e1n\u00ed lid\u00ed.<\/p>\n<p style=\"text-align: justify; padding-left: 30px;\">Sobota 15. listopadu bude dnem dobrovoln\u00e9ho p\u016fstu. Prob\u011bhne tak\u00e9 sb\u00edrka dar\u016f modlitebn\u00edho t\u00fddne ur\u010den\u00e1 na podporu evangeliza\u010dn\u00edch projekt\u016f<strong>.<\/strong><\/p>\n<p style=\"text-align: justify; padding-left: 30px;\">Nech\u0165 P\u00e1n B\u016fh po\u017eehn\u00e1 na\u0161e modlitebn\u00ed setk\u00e1n\u00ed, abychom se mohli nau\u010dit pou\u017e\u00edvat Kristovu metodu p\u0159i o\u010dek\u00e1v\u00e1n\u00ed jeho brzk\u00e9ho p\u0159\u00edchodu.<\/p>\n<p>&nbsp;<\/p>\n","protected":false},"excerpt":{"rendered":"<p>V t\u00fddnu od 8. do 15. listopadu prob\u011bhne ka\u017edoro\u010dn\u00ed &#8222;Modlitebn\u00ed t\u00fdden&#8222;. C\u00edrkev adventist\u016f se bude po cel\u00e9m sv\u011bt\u011b sch\u00e1zet ke spole\u010dn\u00fdm modlitb\u00e1m a studiu duchovn\u00edch t\u00e9mat. Tak\u00e9 my se p\u0159ipoj\u00edme [&hellip;]<\/p>\n","protected":false},"author":58,"featured_media":0,"comment_status":"open","ping_status":"open","sticky":false,"template":"","format":"standard","meta":{"_mi_skip_tracking":false,"_monsterinsights_sitenote_active":false,"_monsterinsights_sitenote_note":"","_monsterinsights_sitenote_category":0,"ngg_post_thumbnail":0,"footnotes":""},"categories":[16],"tags":[],"class_list":["post-5088","post","type-post","status-publish","format-standard","hentry","category-pozvanky"],"_links":{"self":[{"href":"https:\/\/karlovyvary.casd.cz\/index.php?rest_route=\/wp\/v2\/posts\/5088","targetHints":{"allow":["GET"]}}],"collection":[{"href":"https:\/\/karlovyvary.casd.cz\/index.php?rest_route=\/wp\/v2\/posts"}],"about":[{"href":"https:\/\/karlovyvary.casd.cz\/index.php?rest_route=\/wp\/v2\/types\/post"}],"author":[{"embeddable":true,"href":"https:\/\/karlovyvary.casd.cz\/index.php?rest_route=\/wp\/v2\/users\/58"}],"replies":[{"embeddable":true,"href":"https:\/\/karlovyvary.casd.cz\/index.php?rest_route=%2Fwp%2Fv2%2Fcomments&post=5088"}],"version-history":[{"count":0,"href":"https:\/\/karlovyvary.casd.cz\/index.php?rest_route=\/wp\/v2\/posts\/5088\/revisions"}],"wp:attachment":[{"href":"https:\/\/karlovyvary.casd.cz\/index.php?rest_route=%2Fwp%2Fv2%2Fmedia&parent=5088"}],"wp:term":[{"taxonomy":"category","embeddable":true,"href":"https:\/\/karlovyvary.casd.cz\/index.php?rest_route=%2Fwp%2Fv2%2Fcategories&post=5088"},{"taxonomy":"post_tag","embeddable":true,"href":"https:\/\/karlovyvary.casd.cz\/index.php?rest_route=%2Fwp%2Fv2%2Ftags&post=5088"}],"curies":[{"name":"wp","href":"https:\/\/api.w.org\/{rel}","templated":true}]}}