{"id":5056,"date":"2014-10-31T23:26:10","date_gmt":"2014-10-31T22:26:10","guid":{"rendered":"http:\/\/karlovyvary.casd.cz\/?p=5056"},"modified":"2014-10-31T23:58:12","modified_gmt":"2014-10-31T22:58:12","slug":"o-vdecnosti-s-jaro-krivohlavym-nevyzadovat-vdecnost","status":"publish","type":"post","link":"https:\/\/karlovyvary.casd.cz\/?p=5056","title":{"rendered":"O vd\u011b\u010dnosti s Jaro K\u0159ivohlav\u00fdm &#8211; Nevy\u017eadovat vd\u011b\u010dnost!"},"content":{"rendered":"<p><a href=\"http:\/\/karlovyvary.casd.cz\/wp-content\/uploads\/gift-giving1.jpg\"><img loading=\"lazy\" decoding=\"async\" class=\"alignright wp-image-5059 size-medium\" src=\"http:\/\/karlovyvary.casd.cz\/wp-content\/uploads\/gift-giving1-300x228.jpg\" alt=\"gift-giving[1]\" width=\"300\" height=\"228\" srcset=\"https:\/\/karlovyvary.casd.cz\/wp-content\/uploads\/gift-giving1-300x228.jpg 300w, https:\/\/karlovyvary.casd.cz\/wp-content\/uploads\/gift-giving1.jpg 545w\" sizes=\"auto, (max-width: 300px) 100vw, 300px\" \/><\/a><\/p>\n<p><strong>Nejv\u011bt\u0161\u00ed nevd\u011b\u010dnost je o\u010dek\u00e1vat <\/strong><\/p>\n<p><strong>\u010di p\u0159\u00edmo po\u017eadovat vd\u011b\u010dnost.<\/strong><\/p>\n<p style=\"text-align: center;\"><em>Theodor Fontane <\/em><\/p>\n<p style=\"text-align: justify;\">Kde se setk\u00e1v\u00e1me s vd\u011b\u010dnost\u00ed? Tam, kde n\u011bco dostaneme a d\u00e1rci pod\u011bkujeme. Komu? N\u011bkdy d\u00e1rci, n\u011bkdy tak\u00e9 D\u00e1rci.<\/p>\n<p style=\"text-align: justify;\">\u00a0M\u00e1me p\u016fl druh\u00e9ho roku starou vnu\u010dku. Jezd\u00ed na kole. Na kole pro dosp\u011bl\u00e9. M\u00e1 tam speci\u00e1ln\u00ed seda\u010dku. Dostala i helmu. Nejezd\u00ed sama. Voz\u00ed ji maminka.<\/p>\n<p style=\"text-align: justify;\">\u00a0Byl jsem p\u0159i tom, kdy\u017e m\u011bla podruh\u00e9 jet. Jakmile uvid\u011bla kolo, zaradovala se. Jej\u00ed \u00fasm\u011bv, zvol\u00e1n\u00ed &#8222;mam\u00ed!&#8220; a radostn\u00e9 objet\u00ed maminky kolem krku mluvilo z\u0159etelnou \u0159e\u010d\u00ed. Radost a vd\u011b\u010dnost jdou v\u017edy ruku v ruce.<\/p>\n<p style=\"text-align: justify;\"><!--more--><\/p>\n<p style=\"text-align: justify;\">\u00a0\u010cekal jsem na man\u017eelku v Brn\u011b na n\u00e1dra\u017e\u00ed. Nebyl jsem s\u00e1m, \u010dekalo n\u00e1s tam v\u00edce. Kdy\u017e vlak p\u0159ijel a cestuj\u00edc\u00ed za\u010dali proudit v\u00fdchodovou halou, m\u011bl jsem mo\u017enost vid\u011bt radost v o\u010d\u00edch t\u011bch, kte\u0159\u00ed p\u0159ijeli. D\u00edk za to, \u017ee na n\u011b n\u011bkdo \u010dekal. Radost byla i v o\u010d\u00edch t\u011bch, kte\u0159\u00ed se jich do\u010dkali. D\u00edk za to, \u017ee za nimi p\u0159ijeli. A co teprve milenci, kde on p\u0159inesl kyti\u010dku a ona si k n\u00ed p\u0159ivon\u011bla! &#8222;Jsi hodn\u00fd, \u017ee jsi mi p\u0159i\u0161el naproti!&#8220; &#8211; &#8222;Ty jsi hodn\u00e1, \u017ee jsi p\u0159ijela&#8230;&#8220;<\/p>\n<p style=\"text-align: justify;\">\u00a0Byl jsem na koncert\u011b ve Smetanov\u011b s\u00edni. Absolventsk\u00fd koncert vynikaj\u00edc\u00edho houslisty s orchestrem. Koncert dozn\u011bl a hledi\u0161t\u011b bou\u0159ilo ovacemi. Radost\u00ed a vd\u011b\u010dnost\u00ed za dar, kter\u00e9ho se poslucha\u010d\u016fm dostalo. A houslista v odpov\u011b\u010f na to p\u0159id\u00e1val. Hodn\u011b. Celkem sedmkr\u00e1t! Ale potlesk neumlkal. I tak se d\u00e1 vyj\u00e1d\u0159it radost a vd\u011b\u010dnost.<\/p>\n<p style=\"text-align: justify;\">\u00a0V pra\u017esk\u00e9 porodnici jsem byl p\u0159i tom, kdy\u017e se mlad\u00fd otec poprv\u00e9 setkal s man\u017eelkou po porodu. Ukazovala mu novorozen\u011b. Prvn\u00ed d\u011b\u0165\u00e1tko v rodin\u011b. Deset let na n\u011b \u010dekali. Kone\u010dn\u011b ho dr\u017e\u00ed v rukou. I pohled z o\u010d\u00ed do o\u010d\u00ed dovede vyj\u00e1d\u0159it vd\u011b\u010dnost &#8211; a jak v\u00fdrazn\u011b! Vd\u011b\u010dnost nejen jednomu druh\u00e9mu, ale i D\u00e1rci \u017eivota.<\/p>\n<p style=\"text-align: justify;\">\u00a0Dar je p\u0159\u00edle\u017eitost\u00ed nav\u00e1zat s n\u011bk\u00fdm p\u0159\u00e1telstv\u00ed nebo p\u0159\u00e1telstv\u00ed utu\u017eit. Dar je v\u0161ak darem jen tehdy, je-li d\u00e1n up\u0159\u00edmn\u011b a dobrovoln\u011b. Kdy\u017e d\u00e1rce m\u00e1 radost, \u017ee ho m\u016f\u017ee d\u00e1t. Kdy\u017e za to, co dal, nic ne\u010dek\u00e1. Kdy\u017e &#8222;levice nev\u00ed, co \u010din\u00ed pravice&#8220;. Za takov\u00fd dar je pod\u011bkov\u00e1n\u00ed a vd\u011b\u010dnost na m\u00edst\u011b. Dokon\u010duje jen to, co d\u00e1rce &#8222;pustil&#8220; do sv\u011bta: darem p\u0159ekro\u010dil hranici sv\u00e9ho egoismu &#8211; k oboustrann\u00e9 radosti.<\/p>\n<p style=\"text-align: justify;\">\n<p style=\"text-align: justify;\">K\u0158IVOHLAV\u00dd, Jaro. <em>O vd\u011b\u010dnosti s Jaro K\u0159ivohlav\u00fdm<\/em>. Karmelit\u00e1nsk\u00e9 nakladatelstv\u00ed v Kosteln\u00edm Vyd\u0159\u00ed, 2007. ISBN 978-80-7195-998-4<\/p>\n<p style=\"text-align: left;\">\n","protected":false},"excerpt":{"rendered":"<p>Nejv\u011bt\u0161\u00ed nevd\u011b\u010dnost je o\u010dek\u00e1vat \u010di p\u0159\u00edmo po\u017eadovat vd\u011b\u010dnost. Theodor Fontane Kde se setk\u00e1v\u00e1me s vd\u011b\u010dnost\u00ed? Tam, kde n\u011bco dostaneme a d\u00e1rci pod\u011bkujeme. Komu? N\u011bkdy d\u00e1rci, n\u011bkdy tak\u00e9 D\u00e1rci. \u00a0M\u00e1me p\u016fl [&hellip;]<\/p>\n","protected":false},"author":58,"featured_media":0,"comment_status":"open","ping_status":"open","sticky":false,"template":"","format":"standard","meta":{"_mi_skip_tracking":false,"_monsterinsights_sitenote_active":false,"_monsterinsights_sitenote_note":"","_monsterinsights_sitenote_category":0,"ngg_post_thumbnail":0,"footnotes":""},"categories":[21],"tags":[],"class_list":["post-5056","post","type-post","status-publish","format-standard","hentry","category-zamysleni"],"_links":{"self":[{"href":"https:\/\/karlovyvary.casd.cz\/index.php?rest_route=\/wp\/v2\/posts\/5056","targetHints":{"allow":["GET"]}}],"collection":[{"href":"https:\/\/karlovyvary.casd.cz\/index.php?rest_route=\/wp\/v2\/posts"}],"about":[{"href":"https:\/\/karlovyvary.casd.cz\/index.php?rest_route=\/wp\/v2\/types\/post"}],"author":[{"embeddable":true,"href":"https:\/\/karlovyvary.casd.cz\/index.php?rest_route=\/wp\/v2\/users\/58"}],"replies":[{"embeddable":true,"href":"https:\/\/karlovyvary.casd.cz\/index.php?rest_route=%2Fwp%2Fv2%2Fcomments&post=5056"}],"version-history":[{"count":0,"href":"https:\/\/karlovyvary.casd.cz\/index.php?rest_route=\/wp\/v2\/posts\/5056\/revisions"}],"wp:attachment":[{"href":"https:\/\/karlovyvary.casd.cz\/index.php?rest_route=%2Fwp%2Fv2%2Fmedia&parent=5056"}],"wp:term":[{"taxonomy":"category","embeddable":true,"href":"https:\/\/karlovyvary.casd.cz\/index.php?rest_route=%2Fwp%2Fv2%2Fcategories&post=5056"},{"taxonomy":"post_tag","embeddable":true,"href":"https:\/\/karlovyvary.casd.cz\/index.php?rest_route=%2Fwp%2Fv2%2Ftags&post=5056"}],"curies":[{"name":"wp","href":"https:\/\/api.w.org\/{rel}","templated":true}]}}