{"id":4938,"date":"2014-10-19T13:52:08","date_gmt":"2014-10-19T12:52:08","guid":{"rendered":"http:\/\/karlovyvary.casd.cz\/?p=4938"},"modified":"2021-11-25T10:16:11","modified_gmt":"2021-11-25T09:16:11","slug":"vikend-pro-manzelske-pary-i-jednotlivce","status":"publish","type":"post","link":"https:\/\/karlovyvary.casd.cz\/?p=4938","title":{"rendered":"V\u00edkend pro man\u017eelsk\u00e9 p\u00e1ry i jednotlivce"},"content":{"rendered":"<p style=\"text-align: justify;\">V ka\u017edodenn\u00edm \u017eivot\u011b n\u00e1s pohlcuje mnoho probl\u00e9m\u016f a starost\u00ed, kter\u00e9 ub\u00edraj\u00ed energii a romantiku na\u0161im vztah\u016fm. Je iluz\u00ed si myslet, \u017ee man\u017eelsk\u00e9 vztahy nepot\u0159ebuj\u00ed trval\u00e9 investice, \u017ee budou fungovat automaticky a st\u00e1le l\u00e9pe. Vid\u00edme proto i v t\u011bchto v\u00edkendov\u00fdch setk\u00e1n\u00edch p\u0159\u00edle\u017eitost odlo\u017eit na chv\u00edli na\u0161e v\u0161edn\u00ed starosti a soust\u0159edit se na vz\u00e1jemn\u00e9 hled\u00e1n\u00ed osobnosti partnera, sd\u00edlen\u00ed a naslouch\u00e1n\u00ed. Chceme naj\u00edt p\u0159\u00edle\u017eitost \u201eb\u00fdt spolu\u201c a hledat sbl\u00ed\u017een\u00ed tak\u00e9 s na\u0161\u00edm Bohem, kter\u00fd k n\u00e1m p\u0159ich\u00e1z\u00ed i skrze setk\u00e1n\u00ed s t\u00edm nejbli\u017e\u0161\u00edm \u010dlov\u011bkem. V\u011b\u0159\u00edme, \u017ee tyto chv\u00edle mohou b\u00fdt inspirac\u00ed a posilou pro n\u00e1\u0161 ka\u017edodenn\u00ed rodinn\u00fd \u017eivot. Na z\u00e1klad\u011b mnoha zku\u0161enost\u00ed v\u011b\u0159\u00edme, \u017ee investice do na\u0161ich vztah\u016f se vr\u00e1t\u00ed n\u00e1m i na\u0161im d\u011btem, k jejich\u017e nejhlub\u0161\u00edm pot\u0159eb\u00e1m pat\u0159\u00ed harmonick\u00e9 man\u017eelstv\u00ed jejich rodi\u010d\u016f.<\/p>\n<p style=\"text-align: center;\"><a href=\"http:\/\/ceskesdruzeni.cz\/wp-content\/uploads\/2010\/07\/kd-mv-1.jpeg\"><img loading=\"lazy\" decoding=\"async\" class=\"alignright wp-image-631 size-full\" title=\"kd-mv-1\" src=\"http:\/\/ceskesdruzeni.cz\/wp-content\/uploads\/2010\/07\/kd-mv-1.jpeg\" alt=\"\" width=\"242\" height=\"300\" \/><\/a><\/p>\n<p>Nyn\u00ed chceme nav\u00e1zat a uskute\u010dnit dal\u0161\u00ed v\u00edkend s\u00a0programem <strong><em>nejen pro man\u017eelsk\u00e9 p\u00e1ry, ale i pro jednotlivce<\/em><\/strong> (doporu\u010den\u00fd v\u011bk \u00fa\u010dastn\u00edk\u016f nejm\u00e9n\u011b 35 let a v\u00fd\u0161e)<em>.<\/em> B\u011bhem v\u00edkendu str\u00e1v\u00edme spole\u010dn\u00e9 chv\u00edle nad t\u00e9matem:<\/p>\n<h1><em>\u201cKrize st\u0159edn\u00edho v\u011bku a \u00faloha druh\u00e9 poloviny \u017eivota\u201d<\/em><\/h1>\n<p>&nbsp;<\/p>\n<p style=\"text-align: justify;\"><strong><em>Setk\u00e1n\u00ed prob\u011bhne v term\u00ednu 21. \u2013 23. listopadu 2014.<\/em> <\/strong>\u010cek\u00e1 n\u00e1s napln\u011bn\u00fd a obohacuj\u00edc\u00ed \u010das s\u00a0interaktivn\u00edm programem, ve kter\u00e9m nejde jen o hol\u00e9 sb\u00edr\u00e1n\u00ed informac\u00ed, jich\u017e je v\u0161ude dost pro ka\u017ed\u00e9ho hledaj\u00edc\u00edho, ale p\u0159edev\u0161\u00edm o <em>V\u00e1\u0161<\/em> <em>pro\u017eitek<\/em>. Bude tak\u00e9 prostor pro odpo\u010dinek, spole\u010denstv\u00ed s\u00a0na\u0161\u00edm Bohem i mezi sebou navz\u00e1jem.<\/p>\n<p><!--more--><\/p>\n<p style=\"text-align: justify;\"><strong><em>Z\u00a0\u0159ady d\u016fvod\u016f <\/em><em>v\u0161ak<\/em><em> chceme Va\u0161i p\u0159ihl\u00e1\u0161ku podm\u00ednit \u00fa\u010dast\u00ed na cel\u00e9m programu ji\u017e od jeho za\u010d\u00e1tku a\u017e do sam\u00e9ho konce<\/em><em>.<\/em><\/strong><\/p>\n<p style=\"text-align: justify;\">Sejdeme se v\u00a0rekrea\u010dn\u00edm st\u0159edisku Sola fide \u2013 Jansk\u00e9 L\u00e1zn\u011b 14 (http:\/\/www.sola-fide.cz\/). P\u0159\u00edjezd je v\u00a0p\u00e1tek 21. listopadu od\u00a018 hodin k\u00a0ve\u010de\u0159i, registraci a ubytov\u00e1n\u00ed. Program za\u010d\u00edn\u00e1 spole\u010dn\u00fdm zah\u00e1jen\u00edm v\u00a019,30. Ukon\u010den\u00ed pl\u00e1nujeme ned\u011bln\u00edm ob\u011bdem. <strong><em>Pros\u00edme o v\u010dasn\u00fd p\u0159\u00edjezd na zah\u00e1jen\u00ed.<\/em><\/strong><\/p>\n<p style=\"text-align: justify;\">J\u00eddlo si lze objednat voliteln\u011b v p\u0159ihl\u00e1\u0161ce (sn\u00eddan\u011b\/ob\u011bd\/ve\u010de\u0159e \u2013 70\/70\/70,-K\u010d\/os\/den). Cena za ubytov\u00e1n\u00ed je 280,-K\u010d\/os\/den, pop\u0159. m\u016f\u017eete vyu\u017e\u00edt <strong><em>dotovanou cenu<\/em><\/strong> 130,-K\u010d\/os\/den. <strong><em>Va\u0161i volbu uve\u010fte do p\u0159ihl\u00e1\u0161ky.<\/em><\/strong><\/p>\n<p style=\"text-align: justify;\">Z\u00a0organiza\u010dn\u00edch d\u016fvod\u016f bude ide\u00e1ln\u00ed, pokud p\u0159ijedete bez d\u011bt\u00ed. Pokud se V\u00e1m to p\u0159esto nepoda\u0159\u00ed, lze po telefonick\u00e9 dohod\u011b jednat o cen\u00e1ch pro d\u011bti (nedotovan\u00fdch). <strong><em>V\u00a0p\u0159\u00edpad\u011b \u00fa\u010dasti d\u011bt\u00ed je v\u0161ak nutno domluvit se telefonicky p\u0159edem na zaji\u0161t\u011bn\u00ed hl\u00edd\u00e1n\u00ed na tel. 724\u00a0103\u00a0251 nebo 739\u00a0345 676 <\/em><\/strong><em><\/em><em>(volat a\u017e od 29. \u0159\u00edjna)<\/em><strong><em>.<\/em><\/strong><\/p>\n<p style=\"text-align: justify;\"><strong><em>Pros\u00edme, hlaste se v\u00a0p\u0159\u00edpad\u011b z\u00e1jmu ihned <\/em><em>(kapacita je omezen\u00e1),<\/em><em> nejpozd\u011bji v\u0161ak do 16. listopadu <\/em><em>na e-mailov\u00e9 adrese j.ejem(zavin\u00e1\u010d)seznam.cz.<\/em><\/strong><\/p>\n<p style=\"text-align: justify;\">Jsme plni nad\u011bje, \u017ee tento v\u00edkend bude m\u00edt p\u0159\u00ednos pro ka\u017ed\u00e9ho, a proto se t\u011b\u0161\u00edme se na setk\u00e1n\u00ed s\u00a0V\u00e1mi.<\/p>\n<p style=\"text-align: justify;\">Man\u017eel\u00e9 Ejemovi<\/p>\n<p style=\"text-align: justify;\">\n<p style=\"text-align: justify;\"><a href=\"http:\/\/karlovyvary.casd.cz\/wp-content\/uploads\/Man\u017eelsk\u00fd-v\u00edkend.doc\">Man\u017eelsk\u00fd v\u00edkend<\/a>\u00a0(Word)<\/p>\n<p style=\"text-align: justify;\"><a href=\"http:\/\/karlovyvary.casd.cz\/wp-content\/uploads\/P\u0159ihl\u00e1\u0161ka.xls\">P\u0159ihl\u00e1\u0161ka<\/a>\u00a0(Excel)<\/p>\n","protected":false},"excerpt":{"rendered":"<p>V ka\u017edodenn\u00edm \u017eivot\u011b n\u00e1s pohlcuje mnoho probl\u00e9m\u016f a starost\u00ed, kter\u00e9 ub\u00edraj\u00ed energii a romantiku na\u0161im vztah\u016fm. Je iluz\u00ed si myslet, \u017ee man\u017eelsk\u00e9 vztahy nepot\u0159ebuj\u00ed trval\u00e9 investice, \u017ee budou fungovat automaticky [&hellip;]<\/p>\n","protected":false},"author":58,"featured_media":0,"comment_status":"open","ping_status":"open","sticky":false,"template":"","format":"standard","meta":{"_mi_skip_tracking":false,"_monsterinsights_sitenote_active":false,"_monsterinsights_sitenote_note":"","_monsterinsights_sitenote_category":0,"ngg_post_thumbnail":0,"footnotes":""},"categories":[16],"tags":[],"class_list":["post-4938","post","type-post","status-publish","format-standard","hentry","category-pozvanky"],"_links":{"self":[{"href":"https:\/\/karlovyvary.casd.cz\/index.php?rest_route=\/wp\/v2\/posts\/4938","targetHints":{"allow":["GET"]}}],"collection":[{"href":"https:\/\/karlovyvary.casd.cz\/index.php?rest_route=\/wp\/v2\/posts"}],"about":[{"href":"https:\/\/karlovyvary.casd.cz\/index.php?rest_route=\/wp\/v2\/types\/post"}],"author":[{"embeddable":true,"href":"https:\/\/karlovyvary.casd.cz\/index.php?rest_route=\/wp\/v2\/users\/58"}],"replies":[{"embeddable":true,"href":"https:\/\/karlovyvary.casd.cz\/index.php?rest_route=%2Fwp%2Fv2%2Fcomments&post=4938"}],"version-history":[{"count":1,"href":"https:\/\/karlovyvary.casd.cz\/index.php?rest_route=\/wp\/v2\/posts\/4938\/revisions"}],"predecessor-version":[{"id":10005,"href":"https:\/\/karlovyvary.casd.cz\/index.php?rest_route=\/wp\/v2\/posts\/4938\/revisions\/10005"}],"wp:attachment":[{"href":"https:\/\/karlovyvary.casd.cz\/index.php?rest_route=%2Fwp%2Fv2%2Fmedia&parent=4938"}],"wp:term":[{"taxonomy":"category","embeddable":true,"href":"https:\/\/karlovyvary.casd.cz\/index.php?rest_route=%2Fwp%2Fv2%2Fcategories&post=4938"},{"taxonomy":"post_tag","embeddable":true,"href":"https:\/\/karlovyvary.casd.cz\/index.php?rest_route=%2Fwp%2Fv2%2Ftags&post=4938"}],"curies":[{"name":"wp","href":"https:\/\/api.w.org\/{rel}","templated":true}]}}