{"id":4802,"date":"2014-09-26T18:44:35","date_gmt":"2014-09-26T17:44:35","guid":{"rendered":"http:\/\/karlovyvary.casd.cz\/?p=4802"},"modified":"2014-09-26T19:34:17","modified_gmt":"2014-09-26T18:34:17","slug":"nadace-adra-cena-michala-veliska","status":"publish","type":"post","link":"https:\/\/karlovyvary.casd.cz\/?p=4802","title":{"rendered":"Nadace ADRA &#8211; Cena Michala Vel\u00ed\u0161ka"},"content":{"rendered":"<h2><a title=\"Oce\u0148me s nadac\u00ed ADRA ji\u017e podev\u00e1t\u00e9 slu\u0161nost a odvahu\" href=\"http:\/\/www.casd.cz\/ocenme-s-nadaci-adra-jiz-podevate-slusnost-a-odvahu\/\" rel=\"bookmark\">Oce\u0148me s nadac\u00ed ADRA ji\u017e podev\u00e1t\u00e9 slu\u0161nost a odvahu<\/a><\/h2>\n<div class=\"cover\">\n<div class=\"entry\">\n<p><img loading=\"lazy\" decoding=\"async\" class=\"alignright post_thumbnail wp-post-image\" src=\"http:\/\/www.casd.cz\/wp-content\/uploads\/2014\/09\/velisek0.jpg\" alt=\"????\" width=\"80\" height=\"80\" \/><\/p>\n<p style=\"text-align: justify;\"><em>Sta\u010d\u00ed jedna vte\u0159ina a zm\u011bn\u00ed se v\u00e1m cel\u00fd \u017eivot. Sta\u010d\u00ed jeden \u010dlov\u011bk nabl\u00edzku a v\u0161e m\u016f\u017ee b\u00fdt jinak\u2026<\/em><\/p>\n<p style=\"text-align: justify;\">B\u00fdvaj\u00ed to zpravidla nen\u00e1padn\u00ed lid\u00e9 a o sv\u00fdch \u010dinech mluv\u00ed skromn\u011b. Kdy\u017e se jich zept\u00e1te, jestli se neb\u00e1li riskovat vlastn\u00ed zdrav\u00ed nebo \u017eivot pro druh\u00e9ho, odpov\u00eddaj\u00ed: \u201eUd\u011blal by to ka\u017ed\u00fd.\u201c \u0158e\u010d je o lidech, kte\u0159\u00ed se ocitli v hrani\u010dn\u00ed situaci a bez ohledu na n\u00e1sledky pro n\u011b samotn\u00e9 zas\u00e1hli, kdy\u017e \u0161lo jin\u00fdm o zdrav\u00ed nebo o \u017eivot. A pr\u00e1v\u011b takov\u00fdm lidem vyjad\u0159uje ji\u017e dev\u00e1t\u00fdm rokem Nadace ADRA a televize Nova ve\u0159ejn\u00e9 uzn\u00e1n\u00ed prost\u0159ednictv\u00edm Ceny Michala Vel\u00ed\u0161ka.<span id=\"more-2601\"><\/span><\/p>\n<p style=\"text-align: justify;\">V\u00edte-li o n\u011bkom, kdo v obdob\u00ed od 13. z\u00e1\u0159\u00ed 2013 do 13. z\u00e1\u0159\u00ed 2014 vykonal \u010din hodn\u00fd ocen\u011bn\u00ed, nominujte ho prost\u0159ednictv\u00edm <a href=\"http:\/\/www.adra.cz\/nadace-adra\/cena-michala-veliska\/nominace--koho-a-jak\/nominacni-formular\" target=\"_blank\">formul\u00e1\u0159e na webov\u00fdch str\u00e1nk\u00e1ch www.nadace-adra.cz<\/a> P\u0159\u00edb\u011bhy lze zas\u00edlat a\u017e do 15. \u0159\u00edjna. Nehled\u00e1me filmov\u00e9 hrdiny, ale \u201eoby\u010dejn\u00e9\u201c lidi s neoby\u010dejn\u00fdmi postoji a jsme hrdi na v\u0161echny nominovan\u00e9, dosp\u011bl\u00e9 i d\u011bti. Podm\u00ednkou v\u0161ak je, aby hrdiny nebyli ani l\u00e9ka\u0159i, zdravotn\u00edci, policist\u00e9, voj\u00e1ci, z\u00e1chran\u00e1\u0159i, hasi\u010di \u010di jin\u00ed profesion\u00e1lov\u00e9. Ze v\u0161ech do\u0161l\u00fdch nominac\u00ed v\u00fdbor tohoto ocen\u011bn\u00ed vybere dle statutu t\u0159i fin\u00e1lov\u00e9 p\u0159\u00edb\u011bhy.<\/p>\n<\/div>\n<\/div>\n<p><!--more--><\/p>\n<p style=\"text-align: justify;\">Podn\u011btem k tomuto projektu se stal \u010din st\u0159iha\u010de televize Nova Michala Vel\u00ed\u0161ka, kter\u00fd byl 13. z\u00e1\u0159\u00ed 2005 zabit na Karlov\u011b n\u00e1m\u011bst\u00ed v Praze. Nev\u00e1hal se zastat nezn\u00e1m\u00e9 mlad\u00e9 \u017eeny p\u0159ed n\u00e1siln\u00edkem, t\u0159eba\u017ee m\u011bl s\u00e1m v ko\u010d\u00e1rku ani ne ro\u010dn\u00ed dcerku. Od t\u00e9 doby jsou ka\u017edoro\u010dn\u011b oce\u0148ov\u00e1ni d\u011bti, mu\u017ei a \u017eeny, lid\u00e9 r\u016fzn\u00fdch povol\u00e1n\u00ed, v\u011bku, odli\u0161n\u00fdch \u017eivotn\u00edch zku\u0161enost\u00ed i n\u00e1zor\u016f, kte\u0159\u00ed projevili podobnou odvahu jako Michal Vel\u00ed\u0161ek.<\/p>\n<p style=\"text-align: justify;\">\u201eM\u00e1m velkou radost, \u017ee m\u016f\u017eeme zase po roce vyj\u00e1d\u0159it uzn\u00e1n\u00ed a pod\u011bkov\u00e1n\u00ed v\u0161em, o jejich\u017e state\u010dn\u00e9m jedn\u00e1n\u00ed se dozv\u00edme. V\u017edy\u0165 v\u0161ichni tito lid\u00e9 jsou sv\u011btu mo\u017en\u00e1 jen jednou osobou, ale jedn\u00e9 osob\u011b se st\u00e1vaj\u00ed cel\u00fdm sv\u011btem,\u201c \u0159\u00edk\u00e1 p\u0159edsedkyn\u011b spr\u00e1vn\u00ed rady Nadace ADRA Miroslava \u017daludov\u00e1.<\/p>\n<p style=\"text-align: justify;\">C\u00edlem tohoto dlouhodob\u00e9ho projektu pod patronac\u00ed pan\u00ed Ivy Vel\u00ed\u0161kov\u00e9 je zviditelnit postoje slu\u0161nosti, odvahy a state\u010dnosti, kter\u00e9 by nem\u011bly chyb\u011bt v chov\u00e1n\u00ed ka\u017ed\u00e9ho z n\u00e1s. Z\u00e1\u0161titu nad cel\u00fdm projektem p\u0159ijal jako ka\u017ed\u00fd rok prim\u00e1tor hlavn\u00edho m\u011bsta Praha. Hlasov\u00e1n\u00ed bude prob\u00edhat od 16.-30. listopadu a slavnostn\u00ed ud\u011blen\u00ed ceny se bude konat 3. prosince.<\/p>\n<p style=\"text-align: justify;\">\u201ePod\u011bkovat bychom cht\u011bli v\u0161em nominovan\u00fdm d\u011btem. Z dosp\u011bl\u00fdch pak ocenit ty, pro kter\u00e9 bude hlasovat ve\u0159ejnost v polovin\u011b listopadu. A pr\u00e1v\u011b ve zve\u0159ejn\u011bn\u00ed a v mo\u017enosti hlasov\u00e1n\u00ed vid\u00edm nejd\u016fle\u017eit\u011bj\u0161\u00ed bod tohoto procesu. Nab\u00eddnout spole\u010dnosti postoje, kter\u00e9 by m\u011bly v\u00e9st k n\u00e1sledov\u00e1n\u00ed. A to je smysl tohoto ocen\u011bn\u00ed. Chceme takov\u00e9 lidi hledat. Oni existuj\u00ed a na\u0161\u00ed povinnost\u00ed je o nich mluvit,\u201c \u0159\u00edk\u00e1 \u010destn\u00fd p\u0159edseda V\u00fdboru Ceny Michala Vel\u00ed\u0161ka V\u00edt\u011bzslav Vurst. V\u00edce informac\u00ed o pr\u016fb\u011bhu Ceny Michala Vel\u00ed\u0161ka 2014 naleznete na <a href=\"http:\/\/www.adra.cz\/nadace-adra\/\">www.nadace-adra.cz<\/a><\/p>\n<p>&nbsp;<\/p>\n<p>PIECHOWICZ, Kate\u0159ina. Oce\u0148me s nadac\u00ed ADRA ji\u017e podev\u00e1t\u00e9 slu\u0161nost a odvahu. Na: casd.cz [online].\u00a0Z\u00e1\u0159\u00ed 15, 2014 [vid. 2014-09-26]. Dostupn\u00e9 z: http:\/\/www.casd.cz\/ocenme-s-nadaci-adra-jiz-podevate-slusnost-a-odvahu\/<\/p>\n<p>&nbsp;<\/p>\n<p>&nbsp;<\/p>\n<p>&nbsp;<\/p>\n<p>&nbsp;<\/p>\n<p>&nbsp;<\/p>\n<p>&nbsp;<\/p>\n<p>&nbsp;<\/p>\n<p>&nbsp;<\/p>\n<p>&nbsp;<\/p>\n<p>&nbsp;<\/p>\n<p>&nbsp;<\/p>\n<p>&nbsp;<\/p>\n<p>&nbsp;<\/p>\n<p>&nbsp;<\/p>\n<p>&nbsp;<\/p>\n<p>&nbsp;<\/p>\n<p>&nbsp;<\/p>\n<p>&nbsp;<\/p>\n<p>&nbsp;<\/p>\n<p>&nbsp;<\/p>\n<p>&nbsp;<\/p>\n<p>&nbsp;<\/p>\n<p>&nbsp;<\/p>\n<p>&nbsp;<\/p>\n<p>&nbsp;<\/p>\n<p>&nbsp;<\/p>\n<p>&nbsp;<\/p>\n<p>&nbsp;<\/p>\n<p>&nbsp;<\/p>\n<p>&nbsp;<\/p>\n<p>&nbsp;<\/p>\n<p>&nbsp;<\/p>\n<p>&nbsp;<\/p>\n<p>&nbsp;<\/p>\n<p>&nbsp;<\/p>\n<p>&nbsp;<\/p>\n<p>&nbsp;<\/p>\n<p>&nbsp;<\/p>\n<p>&nbsp;<\/p>\n<p>&nbsp;<\/p>\n<p>&nbsp;<\/p>\n<p>&nbsp;<\/p>\n<p>&nbsp;<\/p>\n<p>&nbsp;<\/p>\n<p>&nbsp;<\/p>\n<p>&nbsp;<\/p>\n<p>&nbsp;<\/p>\n<p>&nbsp;<\/p>\n<p>&nbsp;<\/p>\n","protected":false},"excerpt":{"rendered":"<p>Oce\u0148me s nadac\u00ed ADRA ji\u017e podev\u00e1t\u00e9 slu\u0161nost a odvahu Sta\u010d\u00ed jedna vte\u0159ina a zm\u011bn\u00ed se v\u00e1m cel\u00fd \u017eivot. Sta\u010d\u00ed jeden \u010dlov\u011bk nabl\u00edzku a v\u0161e m\u016f\u017ee b\u00fdt jinak\u2026 B\u00fdvaj\u00ed to zpravidla [&hellip;]<\/p>\n","protected":false},"author":58,"featured_media":0,"comment_status":"open","ping_status":"open","sticky":false,"template":"","format":"standard","meta":{"_mi_skip_tracking":false,"_monsterinsights_sitenote_active":false,"_monsterinsights_sitenote_note":"","_monsterinsights_sitenote_category":0,"ngg_post_thumbnail":0,"footnotes":""},"categories":[18],"tags":[],"class_list":["post-4802","post","type-post","status-publish","format-standard","hentry","category-aktuality"],"_links":{"self":[{"href":"https:\/\/karlovyvary.casd.cz\/index.php?rest_route=\/wp\/v2\/posts\/4802","targetHints":{"allow":["GET"]}}],"collection":[{"href":"https:\/\/karlovyvary.casd.cz\/index.php?rest_route=\/wp\/v2\/posts"}],"about":[{"href":"https:\/\/karlovyvary.casd.cz\/index.php?rest_route=\/wp\/v2\/types\/post"}],"author":[{"embeddable":true,"href":"https:\/\/karlovyvary.casd.cz\/index.php?rest_route=\/wp\/v2\/users\/58"}],"replies":[{"embeddable":true,"href":"https:\/\/karlovyvary.casd.cz\/index.php?rest_route=%2Fwp%2Fv2%2Fcomments&post=4802"}],"version-history":[{"count":0,"href":"https:\/\/karlovyvary.casd.cz\/index.php?rest_route=\/wp\/v2\/posts\/4802\/revisions"}],"wp:attachment":[{"href":"https:\/\/karlovyvary.casd.cz\/index.php?rest_route=%2Fwp%2Fv2%2Fmedia&parent=4802"}],"wp:term":[{"taxonomy":"category","embeddable":true,"href":"https:\/\/karlovyvary.casd.cz\/index.php?rest_route=%2Fwp%2Fv2%2Fcategories&post=4802"},{"taxonomy":"post_tag","embeddable":true,"href":"https:\/\/karlovyvary.casd.cz\/index.php?rest_route=%2Fwp%2Fv2%2Ftags&post=4802"}],"curies":[{"name":"wp","href":"https:\/\/api.w.org\/{rel}","templated":true}]}}