{"id":4551,"date":"2014-07-29T23:01:12","date_gmt":"2014-07-29T22:01:12","guid":{"rendered":"http:\/\/karlovyvary.casd.cz\/?p=4551"},"modified":"2014-07-30T14:38:25","modified_gmt":"2014-07-30T13:38:25","slug":"biblicky-tyden-2014","status":"publish","type":"post","link":"https:\/\/karlovyvary.casd.cz\/?p=4551","title":{"rendered":"Biblick\u00fd t\u00fdden 2014"},"content":{"rendered":"<p>&nbsp;<\/p>\n<div id=\"attachment_4552\" style=\"width: 160px\" class=\"wp-caption alignright\"><a href=\"http:\/\/karlovyvary.casd.cz\/wp-content\/uploads\/2014\/07\/barna-jan1.jpg\"><img loading=\"lazy\" decoding=\"async\" aria-describedby=\"caption-attachment-4552\" class=\"wp-image-4552 size-thumbnail\" src=\"http:\/\/karlovyvary.casd.cz\/wp-content\/uploads\/2014\/07\/barna-jan1-150x150.jpg\" alt=\"barna-jan[1]\" width=\"150\" height=\"150\" srcset=\"https:\/\/karlovyvary.casd.cz\/wp-content\/uploads\/2014\/07\/barna-jan1-150x150.jpg 150w, https:\/\/karlovyvary.casd.cz\/wp-content\/uploads\/2014\/07\/barna-jan1-64x64.jpg 64w\" sizes=\"auto, (max-width: 150px) 100vw, 150px\" \/><\/a><p id=\"caption-attachment-4552\" class=\"wp-caption-text\">J\u00e1n Barna<\/p><\/div>\n<p style=\"padding-left: 30px;\">V ned\u011bli 27.7. byl zah\u00e1jen <strong>Biblick\u00fd t\u00fdden<\/strong> \u010cesk\u00e9ho sdru\u017een\u00ed C\u00edrkve adventist\u016f s.d.<\/p>\n<p style=\"padding-left: 30px;\">Kon\u00e1 se stejn\u011b jako v p\u0159ede\u0161l\u00fdch letech v konferen\u010dn\u00edm centru Immanuel u \u017dd\u00edrce nad Doubravou. Hostem je BTh. <strong>J\u00e1n Barna<\/strong>, M.A., Ph.D., u\u010ditel biblick\u00e9 a systematick\u00e9 teologie na Newbold College, Velk\u00e1 Brit\u00e1nie. P\u0159edn\u00e1\u0161ky na t\u00e9ma<strong>\u00a0\u201cDobr\u00e1 zpr\u00e1va o Bo\u017e\u00edm soudu \u2013 den P\u00e1n\u011b a ud\u00e1losti s n\u00edm spojen\u00e9\u201d<\/strong> v p\u0159\u00edm\u00e9m p\u0159enosu \u010di z\u00e1znam z p\u0159ede\u0161l\u00fdch dn\u00ed m\u016f\u017eete shl\u00e9dnout v n\u00e1sleduj\u00edc\u00edm odkazu:<\/p>\n<p style=\"padding-left: 30px;\"><a title=\"Dobr\u00e1 zpr\u00e1va o Bo\u017e\u00edm soudu 1\/8\" href=\"https:\/\/www.youtube.com\/watch?v=l2f7Ab_qLZ0&amp;list=UUBbDQr5lzHZ1vJFdA5MDrsQ\">https:\/\/www.youtube.com\/watch?v=l2f7Ab_qLZ0&amp;list=UUBbDQr5lzHZ1vJFdA5MDrsQ<\/a><\/p>\n<p style=\"padding-left: 30px;\">\n<p style=\"padding-left: 30px;\">\n<p>&nbsp;<\/p>\n","protected":false},"excerpt":{"rendered":"<p>&nbsp; V ned\u011bli 27.7. byl zah\u00e1jen Biblick\u00fd t\u00fdden \u010cesk\u00e9ho sdru\u017een\u00ed C\u00edrkve adventist\u016f s.d. Kon\u00e1 se stejn\u011b jako v p\u0159ede\u0161l\u00fdch letech v konferen\u010dn\u00edm centru Immanuel u \u017dd\u00edrce nad Doubravou. Hostem je [&hellip;]<\/p>\n","protected":false},"author":58,"featured_media":0,"comment_status":"open","ping_status":"open","sticky":false,"template":"","format":"standard","meta":{"_mi_skip_tracking":false,"_monsterinsights_sitenote_active":false,"_monsterinsights_sitenote_note":"","_monsterinsights_sitenote_category":0,"ngg_post_thumbnail":0,"footnotes":""},"categories":[16],"tags":[],"class_list":["post-4551","post","type-post","status-publish","format-standard","hentry","category-pozvanky"],"_links":{"self":[{"href":"https:\/\/karlovyvary.casd.cz\/index.php?rest_route=\/wp\/v2\/posts\/4551","targetHints":{"allow":["GET"]}}],"collection":[{"href":"https:\/\/karlovyvary.casd.cz\/index.php?rest_route=\/wp\/v2\/posts"}],"about":[{"href":"https:\/\/karlovyvary.casd.cz\/index.php?rest_route=\/wp\/v2\/types\/post"}],"author":[{"embeddable":true,"href":"https:\/\/karlovyvary.casd.cz\/index.php?rest_route=\/wp\/v2\/users\/58"}],"replies":[{"embeddable":true,"href":"https:\/\/karlovyvary.casd.cz\/index.php?rest_route=%2Fwp%2Fv2%2Fcomments&post=4551"}],"version-history":[{"count":0,"href":"https:\/\/karlovyvary.casd.cz\/index.php?rest_route=\/wp\/v2\/posts\/4551\/revisions"}],"wp:attachment":[{"href":"https:\/\/karlovyvary.casd.cz\/index.php?rest_route=%2Fwp%2Fv2%2Fmedia&parent=4551"}],"wp:term":[{"taxonomy":"category","embeddable":true,"href":"https:\/\/karlovyvary.casd.cz\/index.php?rest_route=%2Fwp%2Fv2%2Fcategories&post=4551"},{"taxonomy":"post_tag","embeddable":true,"href":"https:\/\/karlovyvary.casd.cz\/index.php?rest_route=%2Fwp%2Fv2%2Ftags&post=4551"}],"curies":[{"name":"wp","href":"https:\/\/api.w.org\/{rel}","templated":true}]}}