{"id":10947,"date":"2023-09-03T18:54:55","date_gmt":"2023-09-03T16:54:55","guid":{"rendered":"https:\/\/karlovyvary.casd.cz\/?p=10947"},"modified":"2023-11-27T18:37:30","modified_gmt":"2023-11-27T17:37:30","slug":"beneficni-koncert","status":"publish","type":"post","link":"https:\/\/karlovyvary.casd.cz\/?p=10947","title":{"rendered":"BENEFI\u010cN\u00cd KONCERT"},"content":{"rendered":"\n<figure class=\"wp-block-image size-large\"><img loading=\"lazy\" decoding=\"async\" width=\"700\" height=\"116\" src=\"https:\/\/karlovyvary.casd.cz\/wp-content\/uploads\/OKSANA1-700x116.jpg\" alt=\"\" class=\"wp-image-10949\" srcset=\"https:\/\/karlovyvary.casd.cz\/wp-content\/uploads\/OKSANA1-700x116.jpg 700w, https:\/\/karlovyvary.casd.cz\/wp-content\/uploads\/OKSANA1-300x50.jpg 300w, https:\/\/karlovyvary.casd.cz\/wp-content\/uploads\/OKSANA1-768x127.jpg 768w, https:\/\/karlovyvary.casd.cz\/wp-content\/uploads\/OKSANA1.jpg 1060w\" sizes=\"auto, (max-width: 700px) 100vw, 700px\" \/><\/figure>\n\n\n\n<p>Srde\u010dn\u011b v\u00e1s zveme na benefi\u010dn\u00ed koncert ukrajinsk\u00e9 zp\u011bva\u010dky <strong>Oksany Kozun-Turcer<\/strong>, kter\u00fd se bude konat v sobotu <strong>16. z\u00e1\u0159\u00ed 2023 v 15 hod. <\/strong>na <strong>Ml\u00fdnsk\u00e9 kolon\u00e1d\u011b<\/strong> v Karlov\u00fdch Varech. <\/p>\n\n\n\n<p><\/p>\n\n\n\n<p><strong>SEMIN\u00c1\u0158<\/strong> <strong>&#8222;STRES A ZP\u016eSOBY JEHO ZVL\u00c1D\u00c1N\u00cd&#8220;<\/strong><\/p>\n\n\n\n<p>V n\u00e1vaznosti na koncert se bude po\u0159\u00e1dat zdravotn\u011b-vzd\u011bl\u00e1vac\u00ed semin\u00e1\u0159: &#8222;<strong>Stres a zp\u016fsoby jeho zvl\u00e1d\u00e1n\u00ed<\/strong>&#8222;, kter\u00fd prob\u011bhne ve \u010dty\u0159ech term\u00ednech <strong>19.9.23 a 20.9.23 od 17 hod. <\/strong>v p\u0159edn\u00e1\u0161kov\u00e9m s\u00e1le v <strong>Al\u017eb\u011btin\u00fdch l\u00e1zn\u00edch<\/strong>; a je\u0161t\u011b <strong>26.9.23 a 27.9.23 v 17 hod.<\/strong> tamt\u00e9\u017e. <\/p>\n\n\n\n<p>P\u0159edn\u00e1\u0161et bude <strong>Prof. Aleksej Oparin<\/strong> z Charkovsk\u00e9 univerzity a <strong>Mgr. \u010ceban Jevgenij<\/strong>. <\/p>\n\n\n\n<p>Tento projekt je p\u0159ipravov\u00e1n ve spolupr\u00e1ci s Magistr\u00e1tem m\u011bsta Karlovy Vary, jmenovit\u011b s pan\u00ed prim\u00e1torkou Andreou Pfeffer Ferklovou, a je podporov\u00e1n C\u00edrkv\u00ed adventist\u016f sedm\u00e9ho dne.<\/p>\n","protected":false},"excerpt":{"rendered":"<p>Srde\u010dn\u011b v\u00e1s zveme na benefi\u010dn\u00ed koncert ukrajinsk\u00e9 zp\u011bva\u010dky Oksany Kozun-Turcer, kter\u00fd se bude konat v sobotu 16. z\u00e1\u0159\u00ed 2023 v 15 hod. na Ml\u00fdnsk\u00e9 kolon\u00e1d\u011b v Karlov\u00fdch Varech. SEMIN\u00c1\u0158 &#8222;STRES [&hellip;]<\/p>\n","protected":false},"author":58,"featured_media":0,"comment_status":"open","ping_status":"open","sticky":false,"template":"","format":"standard","meta":{"_mi_skip_tracking":false,"_monsterinsights_sitenote_active":false,"_monsterinsights_sitenote_note":"","_monsterinsights_sitenote_category":0,"ngg_post_thumbnail":0,"footnotes":""},"categories":[18],"tags":[],"class_list":["post-10947","post","type-post","status-publish","format-standard","hentry","category-aktuality"],"_links":{"self":[{"href":"https:\/\/karlovyvary.casd.cz\/index.php?rest_route=\/wp\/v2\/posts\/10947","targetHints":{"allow":["GET"]}}],"collection":[{"href":"https:\/\/karlovyvary.casd.cz\/index.php?rest_route=\/wp\/v2\/posts"}],"about":[{"href":"https:\/\/karlovyvary.casd.cz\/index.php?rest_route=\/wp\/v2\/types\/post"}],"author":[{"embeddable":true,"href":"https:\/\/karlovyvary.casd.cz\/index.php?rest_route=\/wp\/v2\/users\/58"}],"replies":[{"embeddable":true,"href":"https:\/\/karlovyvary.casd.cz\/index.php?rest_route=%2Fwp%2Fv2%2Fcomments&post=10947"}],"version-history":[{"count":1,"href":"https:\/\/karlovyvary.casd.cz\/index.php?rest_route=\/wp\/v2\/posts\/10947\/revisions"}],"predecessor-version":[{"id":10950,"href":"https:\/\/karlovyvary.casd.cz\/index.php?rest_route=\/wp\/v2\/posts\/10947\/revisions\/10950"}],"wp:attachment":[{"href":"https:\/\/karlovyvary.casd.cz\/index.php?rest_route=%2Fwp%2Fv2%2Fmedia&parent=10947"}],"wp:term":[{"taxonomy":"category","embeddable":true,"href":"https:\/\/karlovyvary.casd.cz\/index.php?rest_route=%2Fwp%2Fv2%2Fcategories&post=10947"},{"taxonomy":"post_tag","embeddable":true,"href":"https:\/\/karlovyvary.casd.cz\/index.php?rest_route=%2Fwp%2Fv2%2Ftags&post=10947"}],"curies":[{"name":"wp","href":"https:\/\/api.w.org\/{rel}","templated":true}]}}