{"id":10425,"date":"2022-10-18T23:22:26","date_gmt":"2022-10-18T21:22:26","guid":{"rendered":"https:\/\/karlovyvary.casd.cz\/?p=10425"},"modified":"2022-10-18T23:23:10","modified_gmt":"2022-10-18T21:23:10","slug":"misijni-pribeh-pro-deti","status":"publish","type":"post","link":"https:\/\/karlovyvary.casd.cz\/?p=10425","title":{"rendered":"Misijn\u00ed p\u0159\u00edb\u011bh pro d\u011bti"},"content":{"rendered":"\n<p>POMODLEME SE!<\/p>\n\n\n\n<p>Toto 3. \u010dtvrtlet\u00ed se zam\u011b\u0159ujeme na Jihoamerickou divizi, kde \u017eije v\u00edce jak 2,5 mili\u00f3n\u016f adventist\u016f. Sch\u00e1z\u00ed se ve sborech v Argentin\u011b, Bol\u00edvii, Braz\u00edlii, \u010cile, Ekv\u00e1doru a Falklandsk\u00fdch ostrovech, Paraguvaji, Peru a Uruguvai.<\/p>\n\n\n\n<p>P\u0159\u00edb\u011bh bude o \u010dty\u0159let\u00e9m Sebasti\u00e1novi.<\/p>\n\n\n\n<p>Pr\u00e1v\u011b sed\u011bl s m\u00e1mou a t\u00e1tou u stolu a chystali se sn\u00eddat. Kdy\u017e chlapec \u0159ekl: \u201ePomodleme se\u201c<\/p>\n\n\n\n<p>Rodi\u010de p\u0159ekvapen\u011b pohl\u00e9dli na sebe. V\u011b\u0159ili v Boha, ale nikdy se nemodlili p\u0159ed j\u00eddlem. Matka k\u00fdvla hlavou a zav\u0159ela o\u010di. Otec rovn\u011b\u017e p\u0159ik\u00fdvnul a zav\u0159el o\u010di. A mal\u00fd Sebesti\u00e1n t\u00e9\u017e sklonil hlavu a zav\u0159el o\u010di. Matka pod\u011bkovala Bohu za j\u00eddlo.<\/p>\n\n\n\n<figure class=\"wp-block-image size-large\"><img loading=\"lazy\" decoding=\"async\" width=\"700\" height=\"467\" src=\"https:\/\/karlovyvary.casd.cz\/wp-content\/uploads\/gabriel-tovar-En1Is3KsRZw-unsplash-700x467.jpg\" alt=\"\" class=\"wp-image-10426\" srcset=\"https:\/\/karlovyvary.casd.cz\/wp-content\/uploads\/gabriel-tovar-En1Is3KsRZw-unsplash-700x467.jpg 700w, https:\/\/karlovyvary.casd.cz\/wp-content\/uploads\/gabriel-tovar-En1Is3KsRZw-unsplash-300x200.jpg 300w, https:\/\/karlovyvary.casd.cz\/wp-content\/uploads\/gabriel-tovar-En1Is3KsRZw-unsplash-768x512.jpg 768w, https:\/\/karlovyvary.casd.cz\/wp-content\/uploads\/gabriel-tovar-En1Is3KsRZw-unsplash-1536x1024.jpg 1536w, https:\/\/karlovyvary.casd.cz\/wp-content\/uploads\/gabriel-tovar-En1Is3KsRZw-unsplash-2048x1365.jpg 2048w\" sizes=\"auto, (max-width: 700px) 100vw, 700px\" \/><\/figure>\n\n\n\n<!--more-->\n\n\n\n<p>Po sn\u00eddani ode\u0161el do mate\u0159sk\u00e9 \u0161kolky ve m\u011bst\u011b Cliza, kter\u00e9 se nach\u00e1z\u00ed v Bol\u00edvii. Je to mate\u0159sk\u00e1 \u0161kolka, kterou provozuje c\u00edrkev adventist\u016f, a Sebasti\u00e1n tam pr\u00e1v\u011b letos za\u010dal chodit. Nau\u010dil se tam u\u017e abecedu a \u010d\u00edslovky. T\u00e9\u017e se tam nau\u010dil modlit a d\u011bkovat za v\u0161ecko Bohu.<\/p>\n\n\n\n<p>Ve\u010der, kdy\u017e se vr\u00e1til ze \u0161kolky dom\u016f, pohl\u00e9dl na m\u00e1mu a t\u00e1tu, kdy\u017e se se\u0161li k ve\u010de\u0159i. Op\u011bt \u0159ekl: \u201ePomodleme se a pod\u011bkujme P\u00e1nu\u201c. A rodina sklonila hlavu a vyj\u00e1d\u0159ila Bohu d\u00edky za j\u00eddlo.<\/p>\n\n\n\n<p>Brzy se tato rodina modlila p\u0159ed ka\u017ed\u00fdm j\u00eddlem. A d\u011bkovali za v\u0161ecko, co z\u00edskali od Je\u017e\u00ed\u0161e. Maminka i tat\u00ednek byli \u0161\u0165astn\u00ed, \u017ee jejich mal\u00fd syn je jim k po\u017eehn\u00e1n\u00ed.<\/p>\n\n\n\n<p>Kdy\u017e dos\u00e1hl Sebasti\u00e1n \u0161esti let, poprosil maminku, zda by mohl j\u00edt do sobotn\u00ed \u0161kolky. Rodi\u010de v\u0161ak to odm\u00edtli. Sebasti\u00e1n p\u0159esto nal\u00e9hal, \u017ee by tam cht\u011bl b\u00fdt, proto\u017ee sly\u0161el o n\u00ed ve sv\u00e9 mate\u0159sk\u00e9 \u0161kolce. Tak dlouho \u017eadonil, a\u017e matka svolila. Ale ona tam do sboru necht\u011bla j\u00edt. \u010cekala venku p\u0159ed modlitebnou, a kdy\u017e Sebasti\u00e1n skon\u010dil v sobotn\u00ed \u0161kolce, zase jej doprovodila dom\u016f.<\/p>\n\n\n\n<p>Sebasti\u00e1n tou\u017eil, aby s n\u00edm \u0161li do sboru i rodi\u010de. Modlil se za sv\u00e9 rodi\u010de k Bohu, by \u0161li s n\u00edm. Sebasti\u00e1n m\u011bl t\u00e9\u017e malou sest\u0159i\u010dku. Kdy\u017e se narodila, otec svolil j\u00edt do sboru, kde prob\u011bhlo uv\u00edt\u00e1n\u00ed mal\u00fdch novoroze\u0148at, a mezi nimi byla i mal\u00e1 Samanta.<\/p>\n\n\n\n<p>Kdy\u017e m\u011bl Sebasti\u00e1n 8 let, rozhodla se ke k\u0159tu jeho matka. Pozd\u011bji se rozhodl ke k\u0159tu i jeho otec a dosp\u00edvaj\u00edc\u00ed Sebasti\u00e1n. D\u00edky Bohu tato rodina je \u0161\u0165astn\u00e1 \u2013 a zvl\u00e1\u0161t\u011b d\u00edky Sebasti\u00e1novi, kter\u00e9ho B\u016fh poslal, aby zm\u011bnil jejich \u017eivot.<\/p>\n\n\n\n<p>zpracoval Enoch Mart\u00ednek<\/p>\n","protected":false},"excerpt":{"rendered":"<p>POMODLEME SE! Toto 3. \u010dtvrtlet\u00ed se zam\u011b\u0159ujeme na Jihoamerickou divizi, kde \u017eije v\u00edce jak 2,5 mili\u00f3n\u016f adventist\u016f. Sch\u00e1z\u00ed se ve sborech v Argentin\u011b, Bol\u00edvii, Braz\u00edlii, \u010cile, Ekv\u00e1doru a Falklandsk\u00fdch ostrovech, [&hellip;]<\/p>\n","protected":false},"author":58,"featured_media":0,"comment_status":"open","ping_status":"open","sticky":false,"template":"","format":"standard","meta":{"_mi_skip_tracking":false,"_monsterinsights_sitenote_active":false,"_monsterinsights_sitenote_note":"","_monsterinsights_sitenote_category":0,"ngg_post_thumbnail":0,"footnotes":""},"categories":[51],"tags":[],"class_list":["post-10425","post","type-post","status-publish","format-standard","hentry","category-deti"],"_links":{"self":[{"href":"https:\/\/karlovyvary.casd.cz\/index.php?rest_route=\/wp\/v2\/posts\/10425","targetHints":{"allow":["GET"]}}],"collection":[{"href":"https:\/\/karlovyvary.casd.cz\/index.php?rest_route=\/wp\/v2\/posts"}],"about":[{"href":"https:\/\/karlovyvary.casd.cz\/index.php?rest_route=\/wp\/v2\/types\/post"}],"author":[{"embeddable":true,"href":"https:\/\/karlovyvary.casd.cz\/index.php?rest_route=\/wp\/v2\/users\/58"}],"replies":[{"embeddable":true,"href":"https:\/\/karlovyvary.casd.cz\/index.php?rest_route=%2Fwp%2Fv2%2Fcomments&post=10425"}],"version-history":[{"count":2,"href":"https:\/\/karlovyvary.casd.cz\/index.php?rest_route=\/wp\/v2\/posts\/10425\/revisions"}],"predecessor-version":[{"id":10428,"href":"https:\/\/karlovyvary.casd.cz\/index.php?rest_route=\/wp\/v2\/posts\/10425\/revisions\/10428"}],"wp:attachment":[{"href":"https:\/\/karlovyvary.casd.cz\/index.php?rest_route=%2Fwp%2Fv2%2Fmedia&parent=10425"}],"wp:term":[{"taxonomy":"category","embeddable":true,"href":"https:\/\/karlovyvary.casd.cz\/index.php?rest_route=%2Fwp%2Fv2%2Fcategories&post=10425"},{"taxonomy":"post_tag","embeddable":true,"href":"https:\/\/karlovyvary.casd.cz\/index.php?rest_route=%2Fwp%2Fv2%2Ftags&post=10425"}],"curies":[{"name":"wp","href":"https:\/\/api.w.org\/{rel}","templated":true}]}}