{"id":10422,"date":"2022-10-18T23:14:51","date_gmt":"2022-10-18T21:14:51","guid":{"rendered":"https:\/\/karlovyvary.casd.cz\/?p=10422"},"modified":"2022-10-18T23:14:57","modified_gmt":"2022-10-18T21:14:57","slug":"cirkev-adventistu-vcera-dnes-a-zitra","status":"publish","type":"post","link":"https:\/\/karlovyvary.casd.cz\/?p=10422","title":{"rendered":"C\u00edrkev adventist\u016f v\u010dera, dnes a z\u00edtra"},"content":{"rendered":"\n<p><\/p>\n\n\n\n<p><strong>Mat 16,18<\/strong> : <em>\u201cA j\u00e1 ti prav\u00edm, \u017ee ty jsi Petr, a na t\u00e9 sk\u00e1le vybuduji svou <\/em><em>c\u00edrkev<\/em><em> a br\u00e1ny podsv\u011bt\u00ed ji nep\u0159emohou\u201c<\/em> (\u010cSP). Slovo c\u00edrkev se vyskytuje v\u202fNZ v\u202fp\u016fvodn\u00edm zn\u011bn\u00ed pouze zde a v Mat 18,17.&nbsp;<\/p>\n\n\n\n<p>Co je to c\u00edrkev? P\u016fvodn\u00ed v\u00fdraz \u201eekkl\u00e9sia\u201c p\u0159edstavovalo v\u202fhelenistick\u00e9m sv\u011bt\u011b \u0159\u00e1dn\u00e9 shrom\u00e1\u017ed\u011bn\u00ed ob\u010dan\u016f obce nebo sn\u011bm, nebo svol\u00e1n\u00ed vojska (Sk 19,32.39.40). V\u202fBibli je p\u0159ezna\u010deno toto slovo do duchovn\u00ed neboli n\u00e1bo\u017eensk\u00e9 terminologie; jde zde o kultick\u00e9, bohoslu\u017eebn\u00e9 shrom\u00e1\u017ed\u011bn\u00ed Izraele p\u0159ed Hospodinem. V\u202fNZ jde o shrom\u00e1\u017ed\u011bn\u00ed \u010di obec vyznava\u010d\u016f Je\u017e\u00ed\u0161e Krista jako\u017eto nov\u00fd, prav\u00fd Bo\u017e\u00ed lid = c\u00edrkev, a to jak m\u00edstn\u00ed shrom\u00e1\u017ed\u011bn\u00ed lidu Kristova (dnes \u0159\u00edk\u00e1me sbor), tak jako celkov\u00fd souhrn v\u011b\u0159\u00edc\u00edch po cel\u00e9m sv\u011bt\u011b. V\u202f\u0159eck\u00e9m p\u0159ekladu SZ (LXX) se vyskytuje slovo ekkl\u00e9sia v\u00edce jak 90x a ve v\u011bt\u0161in\u011b p\u0159\u00edpad\u016f je p\u0159ekladem hebr. \u201ek\u00e1h\u00e1l\u201c = shrom\u00e1\u017ed\u011bn\u00ed, nap\u0159. Dt 23,2n.&nbsp;&nbsp;<\/p>\n\n\n\n<ol class=\"wp-block-list\"><li>Mus\u00edme studovat a porozum\u011bt Bo\u017e\u00ed v\u00fdzv\u011b pro c\u00edrkev dnes. Jak jsem \u0159ekl v\u202f\u00favodu k\u00e1z\u00e1n\u00ed, c\u00edrkev je \u0159ecky \u201eekkl\u00e9sia\u201c, co\u017e jsou dv\u011b \u010d\u00e1sti: ek \u00b4vyvolen, povol\u00e1n z (n\u011b\u010deho) a \u201ekl\u00e9sis\u201c = povol\u00e1n\u00ed, pozv\u00e1n\u00ed. \u201eEk\u201c je zkr\u00e1cenina slovesa \u201ekaleo, kalein\u201c, co\u017e znamen\u00e1 volat jm\u00e9nem, oslovit, pozvat, v\u202fn\u00e1bo\u017eensk\u00e9m smyslu jde o Bo\u017e\u00ed povol\u00e1n\u00ed do kr\u00e1lovstv\u00ed Bo\u017e\u00edho, k\u202fv\u00ed\u0159e a spasen\u00ed. \u201eVy v\u0161ak jste rod vyvolen\u00fd, kr\u00e1lovsk\u00e9 kn\u011b\u017estvo, n\u00e1rod svat\u00fd, lid n\u00e1le\u017eej\u00edc\u00ed Bohu, abyste hl\u00e1sali mocn\u00e9 skutky toho, kdo v\u00e1s povolal ze tmy do sv\u00e9ho podivuhodn\u00e9ho sv\u011btla.\u201c (<strong>1 P 2,9<\/strong>).&nbsp;<\/li><\/ol>\n\n\n\n<!--more-->\n\n\n\n<p>S\u202fbl\u00ed\u017e\u00edc\u00edm se jubilejn\u00edm shrom\u00e1\u017ed\u011bn\u00edm k 100 l\u00e9t\u016fm od zalo\u017een\u00ed karlovarsk\u00e9ho sboru bych se r\u00e1d s\u202fv\u00e1mi pod\u00edval na t\u0159i \u010dasov\u00e9 rozm\u011bry, \u010dasov\u00e9 osy c\u00edrkve:&nbsp;<\/p>\n\n\n\n<ol class=\"wp-block-list\"><li>C\u00edrkev CASD na prahu 20. stolet\u00ed&nbsp;<\/li><\/ol>\n\n\n\n<ol class=\"wp-block-list\" start=\"2\"><li>C\u00edrkev CASD na za\u010d\u00e1tku 21. stol.&nbsp;<\/li><\/ol>\n\n\n\n<ol class=\"wp-block-list\" start=\"3\"><li>C\u00edrkev v\u202fbudoucnosti&nbsp;<\/li><\/ol>\n\n\n\n<ol class=\"wp-block-list\"><li><strong>C\u00edrkev na prahu 20. stolet\u00ed<\/strong>&nbsp;<\/li><\/ol>\n\n\n\n<ol class=\"wp-block-list\"><li>Kdy\u017e zalistujeme ve sborov\u00e9 kronice, o kterou pe\u010dovali na\u0161i p\u0159edkov\u00e9 a ve velk\u00e9 m\u00ed\u0159e bratr Joachim Mik\u0161, je zde uvedeno: \u201ePsal se 15. duben roku 1912, kdy do\u0161lo dosud k\u202fnejv\u00e1\u017en\u011bj\u0161\u00ed dopravn\u00ed nehod\u011b. V\u202fledov\u00e9 vod\u011b severn\u00edho Atlantiku se potopila luxusn\u00ed lo\u010f Titanik. Smutn\u00e1 bilance: 1513 mrtv\u00fdch. Sv\u011bt byl \u0161okov\u00e1n. Titanik byl pova\u017eov\u00e1n za \u201ekr\u00e1le mo\u0159\u00ed\u201c. Byla to tehdy nejmodern\u011bj\u0161\u00ed a nejrychlej\u0161\u00ed osobn\u00ed lo\u010f sv\u011bta\u2026 a te\u010f p\u0159i sv\u00e9 prvn\u00ed plavb\u011b narazila na ledovec a potopila se\u2026\u201c (cit\u00e1t z\u202fkroniky).&nbsp;<\/li><\/ol>\n\n\n\n<ol class=\"wp-block-list\" start=\"2\"><li>V\u202ftomt\u00e9\u017e roce 1912 v\u202fKarlov\u00fdch Varech se d\u00e1v\u00e1 na svou prvn\u00ed plavbu \u2013 lodi\u010dka c\u00edrkve adventist\u016f sedm\u00e9ho dne, jej\u00edm\u017e kormideln\u00edkem je Je\u017e\u00ed\u0161. Prvn\u00edm&nbsp; pasa\u017e\u00e9rem &#8211; \u010dlenem c\u00edrkve adventist\u016f s.d. se stal mlad\u00fd mu\u017e, tehdy m\u011bstsk\u00fd \u00fa\u0159edn\u00edk, Theodor Strunz.&nbsp;<\/li><\/ol>\n\n\n\n<ol class=\"wp-block-list\" start=\"3\"><li>To je za\u010d\u00e1tek v\u00edce jak stolet\u00e9 \u201eplavby\u201c lodi\u010dky c\u00edrkve adventist\u016f s.d. v\u202fKarlov\u00fdch Varech. \u010cekala ji nejen klidn\u00e1 hladina lidsk\u00fdch \u017eivot\u016f, ale t\u00e9\u017e rozbou\u0159en\u00e9 vlny dvou sv\u011btov\u00fdch v\u00e1lek, vichry pr\u00e1vn\u00ed deformace v\u202fpades\u00e1t\u00fdch l\u00e9tech se z\u00e1kazem sch\u00e1zen\u00ed k bohoslu\u017eb\u00e1m. Na palub\u011b sborov\u00e9ho spole\u010denstv\u00ed na\u0161lo bezpe\u010d\u00ed, po zalo\u017een\u00ed sboru v\u202fSokolov\u011b a Chebu, okolo 100 \u010dlen\u016f. V\u202froce 1988 se sbor za\u010dal sch\u00e1zet v\u202fnov\u011b otev\u0159en\u00e9 a vysv\u011bcen\u00e9 modlitebn\u011b na Plze\u0148sk\u00e9 49, kde se nach\u00e1z\u00ed a\u017e dosud. (viz Advent 22\/9)&nbsp;<\/li><\/ol>\n\n\n\n<ol class=\"wp-block-list\" start=\"4\"><li>Jak\u00e1 byla situace sv\u011bta a c\u00edrkve adventist\u016f na prahu 20. stolet\u00ed?&nbsp;&nbsp;&nbsp;<\/li><\/ol>\n\n\n\n<p>a\/ Na p\u0159elomu <a href=\"https:\/\/cs.wikipedia.org\/wiki\/19._stolet%C3%AD\" target=\"_blank\" rel=\"noreferrer noopener\">19.<\/a> a 20. stolet\u00ed se evropsk\u00e9 mocnosti rozd\u011blily do dvou znep\u0159\u00e1telen\u00fdch blok\u016f vz\u00e1jemn\u011b soupe\u0159\u00edc\u00edch o <a href=\"https:\/\/cs.wikipedia.org\/wiki\/Hegemonie\" target=\"_blank\" rel=\"noreferrer noopener\">hegemonii<\/a>. Do otev\u0159en\u00e9ho konfliktu, kter\u00fd byl pozd\u011bji zn\u00e1m jako prvn\u00ed sv\u011btov\u00e1 v\u00e1lka, se v letech <a href=\"https:\/\/cs.wikipedia.org\/wiki\/1914\" target=\"_blank\" rel=\"noreferrer noopener\">1914<\/a> a\u017e <a href=\"https:\/\/cs.wikipedia.org\/wiki\/1918\" target=\"_blank\" rel=\"noreferrer noopener\">1918<\/a> postupn\u011b zapojila v\u011bt\u0161ina st\u00e1t\u016f z cel\u00e9ho sv\u011bta. Hlavn\u00edm boji\u0161t\u011bm z\u016fstala Evropa, kde ni\u010div\u00e1 v\u00e1lka p\u0159edznamenala rozpad tradi\u010dn\u00edch monarchi\u00ed. Na sv\u011bt\u011b \u017eilo 1,6 miliard obyvatel. Ale na konci 20. stol. se sv\u011btov\u00e1 populace rozrostla na 5,9 miliard obyvatel. To je prudk\u00fd n\u00e1r\u016fst, kter\u00fd pokra\u010duje dodnes. Progn\u00f3zy odhaduj\u00ed, \u017ee v\u202froce 2025 bude na planet\u011b <strong>7,8 miliard <\/strong>a v\u202froce 2050 to bude <strong>8,9 miliard<\/strong>, co\u017e je v\u00edce jak 5x v\u00edce, ne\u017e bylo p\u0159ed sto l\u00e9ty. (Wikipedie)&nbsp;<\/p>\n\n\n\n<p>b\/Srovnejme situaci co do po\u010dtu pok\u0159t\u011bn\u00fdch \u010dlen\u016f CASD p\u0159ed sto l\u00e9ty a dnes.\u00a0\u00a0<\/p>\n\n\n\n<p><\/p>\n\n\n\n<p class=\"has-text-align-left\"><strong>P\u0159ehled celosv\u011btov\u00e9ho r\u016fst\u016f adventist\u016f v\u202fporovn\u00e1n\u00ed s\u202fglob\u00e1ln\u00edm o\u010dek\u00e1van\u00fdm r\u016fstem obyvatel ve sv\u011bt\u011b od 31.12.1863 do 30.6.2012\u00a0<\/strong><\/p>\n\n\n\n<p>Rok        Po\u010det \u010dlen\u016f                Sv\u011btov\u00e1 populace<\/p>\n\n\n\n<p class=\"has-text-align-left\">1863            3,500                          1,306,000,000<br \/>1870            5,440                          1,360,000,000<br \/>1880          15,570                          1,443,000,000<br \/>1890          29,711                          1,532,000,000<br \/>1900          75,767                          1,628,000,000<br \/>1910        104,526                          1,740,000,000<br \/>1920        185,450                          1,861,000,000<br \/>1930        314,253                          2,070,000,000<br \/>1940        504,752                          2,296,000,000<br \/>1950        756,812                          2,520,000,000<br \/>1960     1,245,125                          3,022,000,000<br \/>1970     2,051,864                          3,698,000,000<br \/>1980     3,480,518                          4,414,000,000<br \/>1990     6,694,880                          5,321,000,000<br \/>2000   11,687,239                          6,067,000,000<br \/>2010   16,923,239                          6,892,000,000<br \/>30. \u010dervna 2012 17,594,723           7,023,324,899<\/p>\n\n\n\n<p><\/p>\n\n\n\n<p><strong>sbory, skupiny, <\/strong><strong>\u010dlenov\u00e9<\/strong>&nbsp;<\/p>\n\n\n\n<p><em>statistika k\u202f31.12.2021<\/em>&nbsp;<\/p>\n\n\n\n<figure class=\"wp-block-table\"><table><tbody><tr><td>sbory&nbsp;<\/td><td>95,297&nbsp;<\/td><\/tr><tr><td>skupiny&nbsp;<\/td><td>72,975&nbsp;<\/td><\/tr><tr><td>\u010dlenov\u00e9 c\u00edrkve&nbsp;<\/td><td><strong>21,912,161<\/strong>&nbsp;<\/td><\/tr><tr><td>Sv\u011btov\u00e1 populace&nbsp;&nbsp;&nbsp;&nbsp;Celkov\u00fd p\u0159\u00edr\u016fstek&nbsp;<\/td><td>7\u202f970\u202f000\u202f000&nbsp;&nbsp;1,069,234&nbsp;<\/td><\/tr><\/tbody><\/table><\/figure>\n\n\n\n<p><\/p>\n\n\n\n<ol class=\"wp-block-list\" start=\"2\"><li><strong>C\u00edrkev CASD dnes<\/strong>\u00a0<\/li><\/ol>\n\n\n\n<p>V\u202fleto\u0161n\u00edm roce je to v\u00edce jak 22 mili\u00f3n\u016f \u010dlen\u016f, ale t\u00e9\u017e dal\u0161\u00edch 25 mili\u00f3n\u016f p\u0159\u00edznivc\u016f (pravideln\u00ed host\u00e9, p\u0159\u00e1tel\u00e9, d\u011bti a nepok\u0159t\u011bn\u00e1 ml\u00e1de\u017e) adventist\u016f s.d. C\u00edrkev adventist\u016f je jedna z\u202fnejrychleji rostouc\u00edch celosv\u011btov\u00fdch c\u00edrkv\u00ed.&nbsp;&nbsp;<\/p>\n\n\n\n<p>Mo\u017en\u00e1 v\u00e1s bude t\u00e9\u017e zaj\u00edmat, kolik \u010dlen\u016f ode\u0161lo z\u202fc\u00edrkve, zejm\u00e9na v\u202fposledn\u00ed dob\u011b po epidemii covidu? Co si mysl\u00edte? Kolik? Cca 40 mili\u00f3n\u016f b\u00fdval\u00fdch adventist\u016f. I n\u00e1\u0161 sbor m\u00e1 \u0159adu pr\u00e1zdn\u00fdch m\u00edst, asi 10 \u010dlen\u016f, kte\u0159\u00ed p\u0159estali nav\u0161t\u011bvovat sbor, co\u017e je v\u00edce jak 10%. Ale oni jsou st\u00e1le \u010dleny sboru.&nbsp;&nbsp;&nbsp;<\/p>\n\n\n\n<ol class=\"wp-block-list\"><li><strong>Digitalizace a c\u00edrkev<\/strong>&nbsp;<\/li><\/ol>\n\n\n\n<p>V\u00edte, \u017ee v\u202fUSA existuj\u00ed c\u00edrkve, jejich\u017e \u010dlenov\u00e9 se sch\u00e1zej\u00ed jen v\u202fdigit\u00e1ln\u00edm prostoru? Nepot\u0159ebuj\u00ed fyzick\u00e9 budovy, modlitebny nebo kostely. Kazatel\u00e9 p\u0159edn\u00e1\u0161ej\u00ed sv\u00e1 k\u00e1z\u00e1n\u00ed v\u202fonline p\u0159enosu, kdy\u017e se jeho ove\u010dky p\u0159ipoj\u00ed na internet. A samoz\u0159ejm\u011b \u010dlenov\u00e9 t\u00e9to internetov\u00e9 c\u00edrkve podporuj\u00ed odesl\u00e1n\u00edm finan\u010dn\u00edho daru bankovn\u00edm p\u0159evodem bezhotovostn\u011b.&nbsp;<\/p>\n\n\n\n<p>Jak\u00e9 to m\u00e1 v\u00fdhody? A jak\u00e1 vid\u00edte v\u202ftomto rizika \u010di z\u00e1sadn\u00ed nedostatky?&nbsp;<\/p>\n\n\n\n<p>B\u011bhem covidu jsme se r\u00e1di p\u0159ipojovali na online bohoslu\u017ebu z\u202fdomova. Ov\u0161em po \u010dase n\u00e1m za\u010dalo sch\u00e1zet \u017eiv\u00e9 spole\u010denstv\u00ed. To je ten p\u0159\u00edm\u00fd dotek, osobn\u00ed setk\u00e1n\u00ed.&nbsp;<\/p>\n\n\n\n<p>V\u00edte, \u010demu daj\u00ed mlad\u00ed lid\u00e9 p\u0159ednost p\u0159ed mobilem? Je to jedin\u00e1 v\u011bc, a tou je osobn\u00ed setk\u00e1n\u00ed se sob\u011b rovn\u00fdmi.&nbsp;&nbsp;<\/p>\n\n\n\n<p>Internet za\u010dal propojovat sv\u011bt p\u0159ed v\u00edce jak 30 l\u00e9ty. (Moje vzpom\u00ednka na p\u0159\u00edtele z\u202fRoudnice, kt. Byl u toho, jak na V\u0160 elektrotechnick\u00e9, kde pracoval, se poprv\u00e9 p\u0159ipojili v\u202fna\u0161\u00ed zemi na internetovou s\u00ed\u0165.)&nbsp;<\/p>\n\n\n\n<ol class=\"wp-block-list\" start=\"2\"><li>Na\u0161e c\u00edrkev se postupn\u011b dost\u00e1v\u00e1 do digit\u00e1ln\u00edho prostoru FB, YT a jin\u00e9 soci\u00e1ln\u00ed s\u00edt\u011b. Vzpom\u00edn\u00e1te, jak jsme p\u0159ed l\u00e9ty opat\u0159ili vstupn\u00ed dve\u0159e do s\u00e1lu modlitebny piktogramem s\u202fobr\u00e1zkem telefonu, kter\u00fd je p\u0159e\u0161krtnut? V\u202ft\u00e9 dob\u011b jsme mobil pova\u017eovali sp\u00ed\u0161e jen jako komunika\u010dn\u00ed p\u0159\u00edstroj k mluven\u00ed, kter\u00fd m\u016f\u017ee zazvonit. A co dnes? K\u202f\u010demu n\u00e1m slou\u017e\u00ed mobil? Je to multifunk\u010dn\u00ed p\u0159\u00edstroj k\u202fp\u0159en\u00e1\u0161en\u00ed a p\u0159\u00edj\u00edm\u00e1n\u00ed dat. Lze si st\u00e1hnout text lekce sobotn\u00ed \u0161koly, jit\u0159enky, a nejen to, cel\u00e9 Bible v\u202fr\u016fzn\u00fdch verz\u00edch a p\u0159ekladech. Nemluv\u011b o p\u0159\u00edstupu na Google s\u202fvyhled\u00e1va\u010dem, kde si m\u016f\u017eeme naj\u00edt z\u00e1znamy k\u00e1z\u00e1n\u00ed ze sbor\u016f v\u202f\u010cS unii nebo ze sv\u011bta. N\u00e1\u0161 soukrom\u00fd, ale i spole\u010densk\u00fd \u017eivot se m\u011bn\u00ed, ovlivn\u011bn internetem. Jak\u00e1 bude na\u0161e c\u00edrkev v\u202fbudoucnu? Budeme konat evangelizaci pr\u00e1v\u011b \u010di v\u00fdhradn\u011b po internetu? Jak se bude \u0161\u00ed\u0159it 3AP ve st\u00e1le v\u00edce digitalizovan\u00e9m sv\u011bt\u011b?&nbsp;<\/li><\/ol>\n\n\n\n<p>P\u0159: V\u202f\u010cTV d\u00e1vali publicistick\u00fd po\u0159ad \u201eInternet v\u011bc\u00ed\u201c. Jak ovlivnil n\u00e1\u0161 sv\u011bt? Jako p\u0159\u00edklad byl uveden vznik m\u011bsta v\u202f\u010c\u00edn\u011b, kde je\u0161t\u011b p\u0159ed 30 l\u00e9ty \u017eilo n\u011bkolik tis\u00edc ryb\u00e1\u0159\u016f. Dnes je to asi 2 mili\u00f3nov\u00e9 m\u011bsto, kter\u00e9 bylo vybudov\u00e1no pomoc\u00ed digit\u00e1ln\u00edch technologi\u00ed. V\u0161e je tam \u0159\u00edzeno a kontrolov\u00e1no kamerami, \u010didly a tyto elektronick\u00e9 informace se sb\u00edhaj\u00ed do centr\u00e1ln\u00edch st\u0159edisek, kde se d\u00e1le s\u202ft\u011bmito daty pracuje. Ve jm\u00e9nu ochrany zdrav\u00ed a p\u0159\u00edrody jsou lid\u00e9 v\u202ftomto m\u011bst\u011b pod neust\u00e1l\u00fdm monitoringem \u201emocn\u00fdch\u201c, tj. spole\u010dnost\u00ed, korporac\u00ed a nadn\u00e1rodn\u00edch internetov\u00fdch spole\u010dnost\u00ed. A ti kontroluj\u00ed i spole\u010densk\u00fd, soukrom\u00fd a n\u00e1bo\u017eensk\u00fd \u017eivot (<strong>Zj 13,16.17<\/strong>)!&nbsp;<\/p>\n\n\n\n<ol class=\"wp-block-list\" start=\"3\"><li>Jak budeme moci oslovit lidi v\u202ft\u00e9to dob\u011b modern\u00edch digit\u00e1ln\u00edch technologi\u00ed? Jak se dostane 3AP ke v\u0161em lidem ob\u00fdvaj\u00edc\u00edm zemi (<strong>Zj 14,6-12<\/strong>)?&nbsp;<\/li><\/ol>\n\n\n\n<ol class=\"wp-block-list\" start=\"3\"><li><strong>C\u00edrkev casd z\u00edtra&nbsp;<\/strong>&nbsp;<\/li><\/ol>\n\n\n\n<ol class=\"wp-block-list\" start=\"2\"><li>Jak\u00e1 bude na\u0161e c\u00edrkev z\u00edtra, v\u202fbl\u00edzk\u00e9 budoucnosti? Jak\u00fd bude n\u00e1\u0161 sbor?&nbsp;<\/li><\/ol>\n\n\n\n<p>Chris Holland je evangelista pro vys\u00edl\u00e1n\u00ed Hope Channel International a vedouc\u00ed Living Hope School of Evangelism. V\u202fned\u00e1vno uve\u0159ejn\u011bn\u00e9m \u010dl\u00e1nku v\u202fMinistry se pt\u00e1: Jak\u00e1 bude na\u0161e c\u00edrkev? Vr\u00e1t\u00ed se k\u202fnorm\u00e1lu, jak\u00e9 byla p\u0159ed covidem? A co je to norm\u00e1l? Star\u0161\u00ed sboru jednoho na\u0161eho spole\u010denstv\u00ed v\u202fUSA, ve Virginii uv\u00e1d\u00ed, \u017ee n\u00e1v\u0161t\u011bvnost v\u202fjeho sboru je zat\u00edm 50% z\u202fd\u016fvod\u016f \u0159ady zdravotn\u00edch omezen\u00ed a restrikc\u00ed.&nbsp;<\/p>\n\n\n\n<ol class=\"wp-block-list\" start=\"3\"><li>To co se nezm\u011bnilo, je Velk\u00e9 pov\u011b\u0159en\u00ed z\u202f<strong>Matou\u0161e 28, 18-20<\/strong>. Ale ostatn\u00ed v\u011bci se m\u011bn\u00ed.&nbsp;&nbsp;<\/li><\/ol>\n\n\n\n<ol class=\"wp-block-list\" start=\"4\"><li>Za posledn\u00edch 10 let se pou\u017e\u00edv\u00e1n\u00ed digit\u00e1ln\u00edch m\u00e9di\u00ed zv\u00fd\u0161ilo o 460%. Jak zas\u00e1hneme zejm\u00e9na mladou generaci, kter\u00e1 je nejv\u011bt\u0161\u00edm u\u017eivatelem soci\u00e1ln\u00edch s\u00edt\u00ed \u2013 facebooku, youtube, atd. ?&nbsp;<\/li><\/ol>\n\n\n\n<p>P\u0159i ned\u00e1vn\u00e9 n\u00e1v\u0161t\u011bv\u011b v\u202fsobotu 20. srpna jsem hovo\u0159il s\u202fbratry Ukrajinci z\u202fLiberce a Prahy. Potvrzovali, \u017ee zalo\u017eili sborov\u00e1 spole\u010denstv\u00ed, kde se sch\u00e1z\u00ed \u0159ada \u00fa\u010dastn\u00edk\u016f. A jak toho dos\u00e1hli? Zapojili do sborov\u00fdch \u010dinnost\u00ed ml\u00e1de\u017e, mlad\u00e9 chlapce a d\u00edvky. On sami vedou skupinky sobotn\u00ed \u0161koly, sv\u00fdch kamar\u00e1d\u016f a dal\u0161\u00ed programy. Zp\u00edvaj\u00ed, hraj\u00ed, organizuj\u00ed. Bratr Michail Stojka na moji ot\u00e1zku, co m\u00e1me d\u011blat, abychom naplnili pr\u00e1zdn\u00e1 m\u00edsta v\u202fna\u0161\u00ed modlitebn\u011b, bez v\u00e1h\u00e1n\u00ed odv\u011btil: \u201eZapojte ml\u00e1de\u017e!\u201c&nbsp;<\/p>\n\n\n\n<p>Log: Je to moje osobn\u00ed zku\u0161enost. Kdy\u017e jsem m\u011bl 15 let, sbor v\u202fOstrav\u011b uspo\u0159\u00e1dal slavnost p\u0159iv\u00edt\u00e1n\u00ed star\u0161\u00edch \u017e\u00e1k\u016f d\u011btsk\u00e9 sobotn\u00ed \u0161kolky do \u0159ad ml\u00e1de\u017ee. A hned m\u011b byla sv\u011b\u0159ena slu\u017eba \u2013 hr\u00e1l jsem na kytaru, a tak dostal jsem na starost dal\u0161\u00ed hudebn\u00edky (akordeon, mandol\u00edny, trubka, mandola), abych pro n\u011b p\u0159ipravil noty a nacvi\u010dil hudebn\u00ed \u010d\u00edsla. Pozd\u011bji kdy\u017e jsem se nechal pok\u0159t\u00edt v\u202f17 l\u00e9tech, byla m\u011b sv\u011b\u0159ena slu\u017eba z\u00e1stupce vedouc\u00edho ml\u00e1de\u017ee. P\u0159ipravoval jsem programy sch\u016fzek s\u202fduchovn\u00edm i sportovn\u00edm obsahem.&nbsp;<\/p>\n\n\n\n<p>To, \u017ee jsem se rozhodl v\u202froce 1968 studovat na Biblick\u00e9m semin\u00e1\u0159i v\u202fPraze, nejprve d\u00e1lkov\u011b, pozd\u011bji denn\u00ed studium, to byla tato p\u0159\u00ed\u010dina. Sbor, c\u00edrkev se mnou po\u010d\u00edt\u00e1! J\u00e1 nejsem jen anonymn\u00ed host, kter\u00fd n\u011bkde poposed\u00e1v\u00e1 vzadu nebo na balkon\u011b. J\u00e1 m\u00e1m zde prostor pou\u017e\u00edvat sv\u00e9 dary a schopnosti. Pro dosp\u00edvaj\u00edc\u00edho \u010dlov\u011bka je to nesm\u00edrn\u011b d\u016fle\u017eit\u00e1 motivace pro v\u00edru a odevzd\u00e1n\u00ed se do slu\u017eby Je\u017e\u00ed\u0161i!&nbsp;<\/p>\n\n\n\n<ol class=\"wp-block-list\" start=\"5\"><li>V\u00edte, jakou vizi c\u00edrkve v\u202fbudoucnu vykresluje Bible? V\u202fknize proroka <strong>Joela 3,1.2 <\/strong>\u010dteme:&nbsp; <em>\u201ePotom nech\u00e1m sv\u00e9ho ducha mocn\u011b p\u016fsobit na ka\u017ed\u00e9ho \u010dlov\u011bka, i na slu\u017eebn\u00edky a otrokyn\u011b, a n\u00e1sledkem toho se v\u0161em lidem, star\u00fdm i mlad\u00fdm, otev\u0159ou o\u010di a uvid\u00ed pravdu, kterou jim j\u00e1 s\u00e1m zjev\u00edm. Starci budou m\u00edt sny, synov\u00e9 a dcery budou prorokovat. P\u016fsoben\u00ed Ducha bude p\u0159\u00edstupn\u00e9 v\u0161em lidem bez ohledu na jejich majetek nebo spole\u010densk\u00e9 postaven\u00ed.\u201c<\/em> (SNC)&nbsp;<\/li><\/ol>\n\n\n\n<ol class=\"wp-block-list\" start=\"6\"><li>Ev 567, 700&nbsp;<\/li><\/ol>\n\n\n\n<ol class=\"wp-block-list\" start=\"7\"><li>Mus\u00edme studovat a porozum\u011bt Bo\u017e\u00ed v\u00fdzv\u011b pro c\u00edrkev dnes. Jak jsem \u0159ekl v\u202f\u00favodu k\u00e1z\u00e1n\u00ed, c\u00edrkev je \u0159ecky \u201eekkl\u00e9sia\u201c, co\u017e jsou dv\u011b \u010d\u00e1sti: ek \u00b4vyvolen, povol\u00e1n z (n\u011b\u010deho)&nbsp; a \u201ekaleo, kalein\u201c znamen\u00e1 volat jm\u00e9nem, oslovit, pozvat, v\u202fn\u00e1bo\u017eensk\u00e9m smyslu jde o Bo\u017e\u00ed povol\u00e1n\u00ed do kr\u00e1lovstv\u00ed Bo\u017e\u00edho, k\u202fv\u00ed\u0159e a spasen\u00ed. <em>\u201eVy v\u0161ak jste rod vyvolen\u00fd, kr\u00e1lovsk\u00e9 kn\u011b\u017estvo, n\u00e1rod svat\u00fd, lid n\u00e1le\u017eej\u00edc\u00ed Bohu, abyste hl\u00e1sali mocn\u00e9 skutky toho, kdo v\u00e1s povolal ze tmy do sv\u00e9ho podivuhodn\u00e9ho sv\u011btla.\u201c<\/em> (<strong>1 P 2,9<\/strong>).&nbsp;<\/li><\/ol>\n\n\n\n<ol class=\"wp-block-list\" start=\"8\"><li>P\u0159\u00edli\u0161 \u010dasto, kdy\u017e mluv\u00edme o c\u00edrkvi, m\u00e1me na mysli budovu, kostel.&nbsp; Ale c\u00edrkev, to jsou lid\u00e9. V\u202fBibli najdeme p\u011bt metafor pro c\u00edrkev:&nbsp;&nbsp;<\/li><\/ol>\n\n\n\n<p>a\/jako t\u011blo&nbsp;<\/p>\n\n\n\n<p>b\/jako duchovn\u00ed stavba&nbsp;<\/p>\n\n\n\n<p>c\/jako pole \u2013 obraz ze zem\u011bd\u011blstv\u00ed&nbsp;<\/p>\n\n\n\n<p>d\/jako arm\u00e1da&nbsp;<\/p>\n\n\n\n<p>e\/jako nev\u011bsta nebo rodina&nbsp;<\/p>\n\n\n\n<p>Kter\u00e1 je spojuj\u00edc\u00ed my\u0161lenka v\u0161ech t\u011bchto p\u011bti obraz\u016f c\u00edrkve? <strong>C\u00edrkev nebo sbor je \u017eiv\u00e9 a zdrav\u00e9 spole\u010denstv\u00ed v\u011b\u0159\u00edc\u00edch, kte\u0159\u00ed se p\u0159ipravuj\u00ed pro misii zalo\u017eenou na Bohu, kte\u0159\u00ed rostou v\u202fBohu, a aktivn\u011b se pod\u00edl\u00ed na zas\u00e9v\u00e1n\u00ed semen evangelia pro budouc\u00ed \u017ee\u0148.&nbsp;<\/strong>&nbsp;<\/p>\n\n\n\n<ul class=\"wp-block-list\"><li>Jak se m\u016f\u017ee n\u00e1\u0161 sbor st\u00e1t takov\u00fdm spole\u010denstv\u00edm?&nbsp;<\/li><\/ul>\n\n\n\n<p>Ellen Whiteov\u00e1 napsala: \u201eJe t\u0159eba vynalo\u017eit osobn\u00ed \u00fasil\u00ed, abychom se p\u0159ibl\u00ed\u017eili k\u202flidem. Kdybychom v\u011bnovali m\u00e9n\u011b \u010dasu napom\u00edn\u00e1n\u00ed a v\u00edce \u010dasu osobn\u00ed slu\u017eb\u011b, dos\u00e1hli bychom lep\u0161\u00edch v\u00fdsledk\u016f. Je t\u0159eba napom\u00e1hat chud\u00fdm, pe\u010dovat o nemocn\u00e9, ut\u011b\u0161ovat zarmoucen\u00e9 a poz\u016fstal\u00e9, pou\u010dovat nev\u011bdom\u00e9 a radit nezku\u0161en\u00fdm. M\u00e1me plakat s\u202ft\u011bmi, kdo pl\u00e1\u010dou, a radovat se s\u202ft\u011bmi, kdo se raduj\u00ed. Je-li d\u00edlo prov\u00e1zeno p\u0159esv\u011bd\u010divost\u00ed, moc\u00ed modlitby a silou Bo\u017e\u00ed l\u00e1sky, pak nebude a ani nem\u016f\u017ee b\u00fdt bez \u00fasp\u011bchu\u201c (\u017dNP 67; MH 143.144).&nbsp;<\/p>\n\n\n\n<p>Log: Spolu se sestrou Zajaczkowskou jsme u Kauflandu postavili kempinkov\u00fd st\u016fl na kole\u010dk\u00e1ch a za\u010dali nab\u00edzet knihy zdarma. Mezi prvn\u00edmi, kdo se zastavil a rozp\u0159edl hovor, byl star\u0161\u00ed mu\u017e, je\u0161t\u011b zdatn\u00e9 postavy. Prozradil, \u017ee byl kdysi letcem a \u017ee m\u00e1 v\u00edce jak 90 let. Cht\u011bl si p\u0159edev\u0161\u00edm s\u202fn\u00e1mi popov\u00eddat. Samoz\u0159ejm\u011b, \u017ee odch\u00e1zel i s\u202fknihou. A b\u011bhem v\u00edce jak dvou hodin to bylo podobn\u00e9. Okolojdouc\u00ed lid\u00e9 s\u202fko\u0161\u00edky se zastavili, aby s\u202fn\u00e1mi prohodili p\u00e1r v\u011bt, kv\u016fli komunikaci. To je to, co pot\u0159ebuje dne\u0161n\u00ed \u010dlov\u011bk. A my jsme byli vzati z\u202ftohoto sv\u011bta Je\u017e\u00ed\u0161em, vy\u0161koleni ve sboru ke konkr\u00e9tn\u00ed slu\u017eb\u011b za \u00fa\u010delem j\u00edt zp\u011bt mezi lidi a \u0161\u00ed\u0159it tak l\u00e1sku a sv\u011btlo pozn\u00e1n\u00ed Boha. V\u202ftom je smysl a posl\u00e1n\u00ed c\u00edrkve.&nbsp;<\/p>\n\n\n\n<p>P\u0159: B\u011bhem letn\u00edho biblick\u00e9ho t\u00fddne m\u011bl n\u00e1zev Wellness pro Tvoji du\u0161i. P\u0159edn\u00e1\u0161el host Dr. Laszl\u00f3 Szab\u00f3, kter\u00fd je misiolog. V\u202fr\u00e1mci sv\u00e9 slu\u017eby cestuje po sv\u011bt\u011b a zkoum\u00e1, pro\u010d n\u011bkter\u00e9 na\u0161e sbory rostou, a jin\u00e9 ne, dokonce stagnuj\u00ed. Sbory, kter\u00e9 si uv\u011bdomily, jak\u00fd je jejich c\u00edl \u010di z\u00e1m\u011br, pro tu jsou, pro druh\u00e9 lidi, pro to, ab \u0161\u00ed\u0159ili wellness pro du\u0161i, tj. pohodu a pln\u00e9 zdrav\u00ed, takov\u00e9 rostou.&nbsp;<\/p>\n\n\n\n<p>Ned\u00e1vno nav\u0161t\u00edvil jeden sbor v\u202fJi\u017en\u00ed Francii, kter\u00fd pozoruhodn\u011b roste. P\u0159edt\u00edm naopak mu hrozil z\u00e1nik. Nem\u011bli kazatele, nem\u011bli mezi sebou mimo\u0159\u00e1dn\u011b schopn\u00e9 \u010dleny s\u202fduchovn\u00edmi dary. Nev\u011bd\u011bli, co maj\u00ed d\u011blat. Jedna sestra navrhla, \u017ee um\u00ed p\u00e9ct craps (francouzsk\u00e9 pala\u010dinky) a \u017ee pozve na n\u011b sv\u00e9 sousedy a p\u0159\u00e1tel\u00e9. Tak se domluvili na pala\u010dinkov\u00e9m setk\u00e1n\u00ed. Lid\u00e9, kte\u0159\u00ed p\u0159ich\u00e1zeli do jej\u00edho domova, si \u0159\u00edkali, co to bude, ale kdy\u017e uc\u00edtili v\u016fn\u00ed sma\u017een\u00fdch pala\u010dinek, pak byli zv\u011bdav\u00ed. Sed\u011bli a jen tak si pov\u00eddali, a p\u0159i tom ochutn\u00e1vali pala\u010dinky, na sladko, na slano apod. Dnes u\u017e je tam sbor okolo 100 \u010dlen\u016f, kter\u00fd se sch\u00e1z\u00ed k\u202fbohoslu\u017eb\u00e1m ve sv\u00e9 modlitebn\u011b.&nbsp;&nbsp;<\/p>\n\n\n\n<p>Z: C\u00edrkev, to nen\u00ed sdru\u017een\u00ed, unie nebo gener\u00e1ln\u00ed konference, kter\u00e1 by mohla n\u011bjak vykonat misii za n\u00e1s. Nezapome\u0148me, \u017ee c\u00edrkev nejsou cihly \u010di malta nebo d\u0159evo. C\u00edrkev jsi ty. C\u00edrkev jsem j\u00e1. Bo\u017e\u00ed vize je, \u017ee kdy\u017e ka\u017ed\u00fd z\u202fn\u00e1s p\u0159evezmeme osobn\u00ed zodpov\u011bdnost, \u010das k\u202fmotlitb\u011b, k\u202fochotn\u00e9mu pod\u0159\u00edzen\u00ed se Je\u017e\u00ed\u0161ovu pov\u011b\u0159en\u00ed a dovol\u00edme mu, aby p\u016fsobil skrze n\u00e1s.&nbsp;<\/p>\n\n\n\n<p>Jak\u00e1 bude c\u00edrkev?&nbsp;<\/p>\n\n\n\n<p>Odpov\u011b\u010f z\u00e1le\u017e\u00ed na tob\u011b.\u00a0<\/p>\n\n\n\n<div class=\"wp-block-file\"><a id=\"wp-block-file--media-1cd1ccb4-d37b-4c86-9dc3-8ad5cc3c3f02\" href=\"https:\/\/karlovyvary.casd.cz\/wp-content\/uploads\/Cirkev-adventistu-vcera-dnes-a-zitra.pptx\">Cirkev-adventistu-vcera-dnes-a-zitra<\/a><a href=\"https:\/\/karlovyvary.casd.cz\/wp-content\/uploads\/Cirkev-adventistu-vcera-dnes-a-zitra.pptx\" class=\"wp-block-file__button\" download aria-describedby=\"wp-block-file--media-1cd1ccb4-d37b-4c86-9dc3-8ad5cc3c3f02\">St\u00e1hnout<\/a><\/div>\n\n\n\n<p><\/p>\n\n\n\n<p>zpracoval Enoch Mart\u00ednek<\/p>\n\n\n\n<p>Zdroj: Journal of Adventist Mission Studies, Vol. 8 [2012], No. 2, Art. 5<\/p>\n\n\n\n<p><\/p>\n\n\n\n<p><\/p>\n","protected":false},"excerpt":{"rendered":"<p>Mat 16,18 : \u201cA j\u00e1 ti prav\u00edm, \u017ee ty jsi Petr, a na t\u00e9 sk\u00e1le vybuduji svou c\u00edrkev a br\u00e1ny podsv\u011bt\u00ed ji nep\u0159emohou\u201c (\u010cSP). Slovo c\u00edrkev se vyskytuje v\u202fNZ v\u202fp\u016fvodn\u00edm [&hellip;]<\/p>\n","protected":false},"author":58,"featured_media":0,"comment_status":"open","ping_status":"open","sticky":false,"template":"","format":"standard","meta":{"_mi_skip_tracking":false,"_monsterinsights_sitenote_active":false,"_monsterinsights_sitenote_note":"","_monsterinsights_sitenote_category":0,"ngg_post_thumbnail":0,"footnotes":""},"categories":[1],"tags":[],"class_list":["post-10422","post","type-post","status-publish","format-standard","hentry","category-kazani-2"],"_links":{"self":[{"href":"https:\/\/karlovyvary.casd.cz\/index.php?rest_route=\/wp\/v2\/posts\/10422","targetHints":{"allow":["GET"]}}],"collection":[{"href":"https:\/\/karlovyvary.casd.cz\/index.php?rest_route=\/wp\/v2\/posts"}],"about":[{"href":"https:\/\/karlovyvary.casd.cz\/index.php?rest_route=\/wp\/v2\/types\/post"}],"author":[{"embeddable":true,"href":"https:\/\/karlovyvary.casd.cz\/index.php?rest_route=\/wp\/v2\/users\/58"}],"replies":[{"embeddable":true,"href":"https:\/\/karlovyvary.casd.cz\/index.php?rest_route=%2Fwp%2Fv2%2Fcomments&post=10422"}],"version-history":[{"count":1,"href":"https:\/\/karlovyvary.casd.cz\/index.php?rest_route=\/wp\/v2\/posts\/10422\/revisions"}],"predecessor-version":[{"id":10424,"href":"https:\/\/karlovyvary.casd.cz\/index.php?rest_route=\/wp\/v2\/posts\/10422\/revisions\/10424"}],"wp:attachment":[{"href":"https:\/\/karlovyvary.casd.cz\/index.php?rest_route=%2Fwp%2Fv2%2Fmedia&parent=10422"}],"wp:term":[{"taxonomy":"category","embeddable":true,"href":"https:\/\/karlovyvary.casd.cz\/index.php?rest_route=%2Fwp%2Fv2%2Fcategories&post=10422"},{"taxonomy":"post_tag","embeddable":true,"href":"https:\/\/karlovyvary.casd.cz\/index.php?rest_route=%2Fwp%2Fv2%2Ftags&post=10422"}],"curies":[{"name":"wp","href":"https:\/\/api.w.org\/{rel}","templated":true}]}}