{"id":10160,"date":"2022-02-21T21:11:21","date_gmt":"2022-02-21T20:11:21","guid":{"rendered":"https:\/\/karlovyvary.casd.cz\/?p=10160"},"modified":"2022-02-21T21:48:42","modified_gmt":"2022-02-21T20:48:42","slug":"vzpominkova-bohosluzba-2","status":"publish","type":"post","link":"https:\/\/karlovyvary.casd.cz\/?p=10160","title":{"rendered":"Vzpom\u00ednkov\u00e1 bohoslu\u017eba"},"content":{"rendered":"\n<p>P\u0159i vzpom\u00ednkov\u00e9 bohoslu\u017eb\u011b vzpomenul karlovarsk\u00fd sbor na zesnul\u00e9ho bratra Miroslava Muchu. <\/p>\n\n\n\n<figure class=\"wp-block-image size-large is-resized\"><img loading=\"lazy\" decoding=\"async\" src=\"https:\/\/karlovyvary.casd.cz\/wp-content\/uploads\/labut-1-700x402.jpg\" alt=\"\" class=\"wp-image-10163\" width=\"436\" height=\"250\" srcset=\"https:\/\/karlovyvary.casd.cz\/wp-content\/uploads\/labut-1-700x402.jpg 700w, https:\/\/karlovyvary.casd.cz\/wp-content\/uploads\/labut-1-300x172.jpg 300w, https:\/\/karlovyvary.casd.cz\/wp-content\/uploads\/labut-1-768x441.jpg 768w, https:\/\/karlovyvary.casd.cz\/wp-content\/uploads\/labut-1-1536x882.jpg 1536w, https:\/\/karlovyvary.casd.cz\/wp-content\/uploads\/labut-1.jpg 1911w\" sizes=\"auto, (max-width: 436px) 100vw, 436px\" \/><\/figure>\n\n\n\n<p><strong>Stru\u010dn\u00fd \u017eivotopis Miroslava Muchy<\/strong>&nbsp;<\/p>\n\n\n\n<p>Miroslav Mucha se narodil v roce 1959 jako prvn\u00ed d\u00edt\u011b matce, kter\u00e1 poch\u00e1zela z\u202fN\u011bmecka. P\u0159i\u0161la po v\u00e1lce zde do z\u00e1padn\u00edch \u010cech se svou sestrou a na\u0161ly si pr\u00e1ci v\u202fporcel\u00e1nce. Provdala se za slovensk\u00e9ho Roma Muchu, kter\u00fd nevedl p\u0159\u00edli\u0161 spo\u0159\u00e1dan\u00fd \u017eivot. Narodil se jim je\u0161t\u011b druh\u00fd syn, o dva roky mlad\u0161\u00ed od Mirka. S\u00edl\u00edc\u00ed konflikty ze strany otce se pozd\u011bji Mirek rozhodl \u0159e\u0161it tak, kdy\u017e m\u011bl 17 let, \u017ee spolu s\u202fmatkou a bratrem se od otce odst\u011bhuj\u00ed.&nbsp;<\/p>\n\n\n\n<p>Mirek byl v\u202f\u00fatl\u00e9m d\u011btstv\u00ed posti\u017een d\u011btskou obrnou, co\u017e jej poznamenalo a\u017e do dosp\u011blosti. Vystudoval ekonomickou \u0161kolu a v\u202froce 1980 se o\u017eenil se Zde\u0148kou.&nbsp;<\/p>\n\n\n\n<!--more-->\n\n\n\n<p>Miroslavovi a Zde\u0148ce Muchov\u00fdm se narodily dv\u011b d\u011bti; syn, kter\u00fd ve v\u011bku 10 let tragicky zahynul, a dcera Julka, kter\u00e1 m\u00e1 t\u0159i d\u011bti, syna a dv\u011b dcery. Miroslav b\u011bhem sv\u00e9ho \u010d\u00e1ste\u010dn\u00e9ho invalidn\u00edho d\u016fchodu pracoval ve v\u00fdrobn\u00edm dru\u017estvu V\u0159\u00eddlo jako koteln\u00edk. Posledn\u00ed dny Mirek pro\u017eil u sv\u00e9 dcery a zet\u011b v\u202fPraze, kde jej po n\u00e1hl\u00fdch zdravotn\u00edch obt\u00ed\u017e\u00edch hospitalizovali v\u202fThomayerov\u011b nemocnici, kde zem\u0159el. P\u0159\u00ed\u0161t\u00ed m\u011bs\u00edc Miroslav by se do\u017eil 63 let.&nbsp;<\/p>\n\n\n\n<p><strong>Moje vzpom\u00ednka na bratra Miroslava Muchu<\/strong>&nbsp;<\/p>\n\n\n\n<p>M\u016fj prvn\u00ed kontakt s\u202fMirkem a Zde\u0148kou byl p\u0159es telefon. Jednou b\u011bhem roku 1997 zazvonil pevn\u00fd telefon a na druh\u00e9m konci dr\u00e1tu se ozval hlas s\u202fot\u00e1zkou, zda jsme c\u00edrkev adventist\u016f sedm\u00e9ho dne. T\u00e1zaj\u00edc\u00ed m\u011bl z\u00e1jem o osobn\u00ed setk\u00e1n\u00ed a na jeho pozv\u00e1n\u00ed jsem oba man\u017eele nav\u0161t\u00edvil v jejich byt\u011b. P\u0159edstavili se mn\u011b jako k\u0159es\u0165an\u00e9, kte\u0159\u00ed nav\u0161t\u011bvuj\u00ed bohoslu\u017eby v\u202fc\u00edrkvi BJB. P\u0159ed ned\u00e1vnem se jim dostala do rukou jedna kniha protestantsk\u00e9ho autora, kde se zmi\u0148oval o sobot\u011b a v\u202ft\u00e9 souvislosti o c\u00edrkvi adventist\u016f. Knihu mn\u011b uk\u00e1zali i s\u202fon\u00edm cit\u00e1tem o sobot\u011b. Bylo vid\u011bt, \u017ee pr\u00e1v\u011b sobota a d\u016fvody k\u202fjej\u00edmu sv\u011bcen\u00ed vzbudily jejich nejv\u011bt\u0161\u00ed pozornost. V\u202fjejich hled\u00e1n\u00ed pravdy bylo mo\u017eno rozpoznat veden\u00ed Bo\u017e\u00edho Ducha. Domluvili jsme se na pravideln\u00e9m studiu Bible, kter\u00e9 vy\u00fastilo v\u202fjejich up\u0159\u00edmn\u00e9 rozhodnut\u00ed p\u0159ipojit se ke sv\u011btitel\u016fm soboty dne 28. b\u0159ezna 1998.\u00a0\u00a0<\/p>\n\n\n\n<p>Bratr Miroslav se brzy zapojil do sborov\u00fdch aktivit, zvl\u00e1\u0161t\u011b jeho p\u0159\u00edb\u011bhy pro d\u011bti byly velmi \u017eiv\u00e9. T\u00e9\u017e dok\u00e1zal s\u202f\u00fasm\u011bvem v\u00edtat p\u0159ich\u00e1zej\u00edc\u00ed n\u00e1v\u0161t\u011bvn\u00edky sobotn\u00edch bohoslu\u017eeb v\u202fprostoru foyeru. Byl to ne\u00fanavn\u00fd student P\u00edsma v\u202fsobotn\u00ed \u0161kole a horliv\u00fd modlitebn\u00edk. Zapojil se i do laick\u00e9ho kazatelstv\u00ed. T\u00e9m\u011b\u0159 \u010dtvrtstolet\u00ed pat\u0159il k duchovn\u00ed rodin\u011b na\u0161eho sboru.&nbsp;<\/p>\n\n\n\n<p>Jeho velkou l\u00e1skou byla jeho rodina, man\u017eelka, dcera Julka, vnuk a vnu\u010dky a zahr\u00e1dka. T\u00e9\u017e m\u011bl r\u00e1d \u017eivou p\u0159\u00edrodu \u2013 choval andulky a \u010dastokr\u00e1t v\u202fposledn\u00edch l\u00e9tech jsme se potk\u00e1vali na vych\u00e1zk\u00e1ch v\u202fDrahovic\u00edch, kde jej doprov\u00e1zel jeho nerozlu\u010dn\u00fd \u010dty\u0159noh\u00fd p\u0159\u00edtel.&nbsp;&nbsp;<\/p>\n\n\n\n<p>Mirek jak jsme jej znali, byl laskav\u00fd a spole\u010densk\u00fd \u010dlov\u011bk. Dok\u00e1zal odpou\u0161t\u011bt a ne\u010dekal za sv\u00e9 \u010diny l\u00e1sky vd\u011b\u010dnost. Tu o\u010dek\u00e1val od P\u00e1na, v\u202fn\u011bho\u017e v\u011b\u0159il jako biblick\u00fd Job, kter\u00fd vyznal: \u201e\u201cAle j\u00e1 v\u00edm, \u017ee m\u016fj Vykupitel \u017eije a nakonec se postav\u00ed nad prachem. A tohle t\u011blo, kdy\u017e se jednou rozpadne, uvid\u00ed Boha!\u201c (Job 19,25; SNC)&nbsp;<\/p>\n\n\n\n<p>(vzpom\u00edn\u00e1 Enoch Mart\u00ednek)&nbsp;<\/p>\n\n\n\n<div class=\"wp-block-file\"><a id=\"wp-block-file--media-bf2e80e8-3c56-4710-a0ca-7c5eadf4b40a\" href=\"https:\/\/karlovyvary.casd.cz\/wp-content\/uploads\/Miroslav-Mucha-prezentace.pptx\">Miroslav-Mucha-prezentace<\/a><a href=\"https:\/\/karlovyvary.casd.cz\/wp-content\/uploads\/Miroslav-Mucha-prezentace.pptx\" class=\"wp-block-file__button\" download aria-describedby=\"wp-block-file--media-bf2e80e8-3c56-4710-a0ca-7c5eadf4b40a\">St\u00e1hnout<\/a><\/div>\n\n\n\n<figure class=\"wp-block-embed is-type-video is-provider-youtube wp-block-embed-youtube wp-embed-aspect-4-3 wp-has-aspect-ratio\"><div class=\"wp-block-embed__wrapper\">\n<iframe loading=\"lazy\" title=\"Skupina Se\u0148ority - Vd\u011b\u010dn\u00fd \u010dlov\u011bk\" width=\"500\" height=\"375\" src=\"https:\/\/www.youtube.com\/embed\/Yx4y1aSfo_U?feature=oembed\" frameborder=\"0\" allow=\"accelerometer; autoplay; clipboard-write; encrypted-media; gyroscope; picture-in-picture; web-share\" referrerpolicy=\"strict-origin-when-cross-origin\" allowfullscreen><\/iframe>\n<\/div><\/figure>\n","protected":false},"excerpt":{"rendered":"<p>P\u0159i vzpom\u00ednkov\u00e9 bohoslu\u017eb\u011b vzpomenul karlovarsk\u00fd sbor na zesnul\u00e9ho bratra Miroslava Muchu. Stru\u010dn\u00fd \u017eivotopis Miroslava Muchy&nbsp; Miroslav Mucha se narodil v roce 1959 jako prvn\u00ed d\u00edt\u011b matce, kter\u00e1 poch\u00e1zela z\u202fN\u011bmecka. P\u0159i\u0161la [&hellip;]<\/p>\n","protected":false},"author":58,"featured_media":0,"comment_status":"open","ping_status":"open","sticky":false,"template":"","format":"standard","meta":{"_mi_skip_tracking":false,"_monsterinsights_sitenote_active":false,"_monsterinsights_sitenote_note":"","_monsterinsights_sitenote_category":0,"ngg_post_thumbnail":0,"footnotes":""},"categories":[29],"tags":[],"class_list":["post-10160","post","type-post","status-publish","format-standard","hentry","category-oznameni"],"_links":{"self":[{"href":"https:\/\/karlovyvary.casd.cz\/index.php?rest_route=\/wp\/v2\/posts\/10160","targetHints":{"allow":["GET"]}}],"collection":[{"href":"https:\/\/karlovyvary.casd.cz\/index.php?rest_route=\/wp\/v2\/posts"}],"about":[{"href":"https:\/\/karlovyvary.casd.cz\/index.php?rest_route=\/wp\/v2\/types\/post"}],"author":[{"embeddable":true,"href":"https:\/\/karlovyvary.casd.cz\/index.php?rest_route=\/wp\/v2\/users\/58"}],"replies":[{"embeddable":true,"href":"https:\/\/karlovyvary.casd.cz\/index.php?rest_route=%2Fwp%2Fv2%2Fcomments&post=10160"}],"version-history":[{"count":3,"href":"https:\/\/karlovyvary.casd.cz\/index.php?rest_route=\/wp\/v2\/posts\/10160\/revisions"}],"predecessor-version":[{"id":10167,"href":"https:\/\/karlovyvary.casd.cz\/index.php?rest_route=\/wp\/v2\/posts\/10160\/revisions\/10167"}],"wp:attachment":[{"href":"https:\/\/karlovyvary.casd.cz\/index.php?rest_route=%2Fwp%2Fv2%2Fmedia&parent=10160"}],"wp:term":[{"taxonomy":"category","embeddable":true,"href":"https:\/\/karlovyvary.casd.cz\/index.php?rest_route=%2Fwp%2Fv2%2Fcategories&post=10160"},{"taxonomy":"post_tag","embeddable":true,"href":"https:\/\/karlovyvary.casd.cz\/index.php?rest_route=%2Fwp%2Fv2%2Ftags&post=10160"}],"curies":[{"name":"wp","href":"https:\/\/api.w.org\/{rel}","templated":true}]}}